{"id":4845,"date":"2026-03-16T16:25:06","date_gmt":"2026-03-16T19:25:06","guid":{"rendered":"https:\/\/cooperativaredloslagos.cl\/?p=4845"},"modified":"2026-03-16T16:25:07","modified_gmt":"2026-03-16T19:25:07","slug":"ministro-del-mop-se-reunio-con-ceo-de-hyundai-para-abordar-avances-en-construccion-del-puente-chacao","status":"publish","type":"post","link":"https:\/\/cooperativaredloslagos.cl\/2026\/03\/16\/ministro-del-mop-se-reunio-con-ceo-de-hyundai-para-abordar-avances-en-construccion-del-puente-chacao\/","title":{"rendered":"Ministro del MOP se reuni\u00f3 con CEO de Hyundai para abordar avances en construcci\u00f3n del Puente Chacao"},"content":{"rendered":"\n<p>Con el objetivo de revisar los avances en la construcci\u00f3n del Puente Chacao, el ministro de Obras P\u00fablicas, Mart\u00edn Arrau, se reuni\u00f3 con el CEO de Hyundai E&amp;C, Lim Lagho.<\/p>\n\n\n\n<p>\u201cHace algunas semanas fuimos a la obra, a estudiar el detalle de este proyecto emblem\u00e1tico de conectividad en el sur de Chile y ahora sumamos una reuni\u00f3n de trabajo junto a los representantes de Hyundai. Hemos revisado el avance de los trabajos y acordado reforzar el seguimiento en terreno con un plan de supervisiones peri\u00f3dicas\u201d, indic\u00f3 el Ministro.<\/p>\n\n\n\n<p>El secretario de Estado precis\u00f3 que \u201cson de p\u00fablico conocimiento las dificultades que ha enfrentado el proyecto desde su inicio, pero reafirmamos la mutua voluntad de hacer los esfuerzos por mantener su itinerario, pese a que existen varios puntos que resolver, como el modelo operacional, la mantenci\u00f3n del puente y los accesos norte y sur, que est\u00e1n en una fase muy b\u00e1sica\u201d.<\/p>\n\n\n\n<p>En tanto, el Ceo Hyundai Hyundai E&amp;C, Lim Lagho, destac\u00f3 que \u201chemos tenido una reuni\u00f3n muy productiva con el ministerio de Obras P\u00fablicas y vamos a hacer que este sea un proyecto emblem\u00e1tico para todo Chile\u201d.<\/p>\n\n\n\n<p>En la reuni\u00f3n se abord\u00f3 la solicitud presentada por Hyundai, en mayo de 2025 -y que a la fecha no cuenta con respuesta formal de parte del ministerio- para una reprogramaci\u00f3n de pagos que permita la sostenibilidad financiera de la empresa y el proyecto. Dicha reprogramaci\u00f3n, en ning\u00fan caso afecta o aborda los plazos de la obra.<\/p>\n\n\n\n<p>El puente Chacao, que tiene m\u00e1s de un 50% de avance en su construcci\u00f3n, tendr\u00e1 una extensi\u00f3n total de 2,7 kil\u00f3metros y conectar\u00e1 el continente con la isla grande de Chilo\u00e9, convirti\u00e9ndose en el puente colgante m\u00e1s grande de Chile y Latinoam\u00e9rica.<\/p>\n\n\n\n<p>En la reuni\u00f3n, que se realiz\u00f3 en las oficinas del MOP en Santiago, tambi\u00e9n estuvieron presentes el director general de Obras P\u00fablicas, Joaqu\u00edn Dag\u00e1 y los representantes del consorcio a cargo de la ejecuci\u00f3n del proyecto.<\/p>\n","protected":false},"excerpt":{"rendered":"<p>Con el objetivo de revisar los avances en la construcci\u00f3n del Puente Chacao, el ministro de Obras P\u00fablicas, Mart\u00edn Arrau, se reuni\u00f3 con el CEO [&hellip;]<\/p>\n","protected":false},"author":4,"featured_media":4846,"comment_status":"closed","ping_status":"closed","sticky":false,"template":"","format":"standard","meta":{"_monsterinsights_skip_tracking":false,"_monsterinsights_sitenote_active":false,"_monsterinsights_sitenote_note":"","_monsterinsights_sitenote_category":0,"footnotes":""},"categories":[24,6],"tags":[],"class_list":["post-4845","post","type-post","status-publish","format-standard","has-post-thumbnail","hentry","category-nacional","category-politics"],"_links":{"self":[{"href":"https:\/\/cooperativaredloslagos.cl\/wp-json\/wp\/v2\/posts\/4845","targetHints":{"allow":["GET"]}}],"collection":[{"href":"https:\/\/cooperativaredloslagos.cl\/wp-json\/wp\/v2\/posts"}],"about":[{"href":"https:\/\/cooperativaredloslagos.cl\/wp-json\/wp\/v2\/types\/post"}],"author":[{"embeddable":true,"href":"https:\/\/cooperativaredloslagos.cl\/wp-json\/wp\/v2\/users\/4"}],"replies":[{"embeddable":true,"href":"https:\/\/cooperativaredloslagos.cl\/wp-json\/wp\/v2\/comments?post=4845"}],"version-history":[{"count":1,"href":"https:\/\/cooperativaredloslagos.cl\/wp-json\/wp\/v2\/posts\/4845\/revisions"}],"predecessor-version":[{"id":4847,"href":"https:\/\/cooperativaredloslagos.cl\/wp-json\/wp\/v2\/posts\/4845\/revisions\/4847"}],"wp:featuredmedia":[{"embeddable":true,"href":"https:\/\/cooperativaredloslagos.cl\/wp-json\/wp\/v2\/media\/4846"}],"wp:attachment":[{"href":"https:\/\/cooperativaredloslagos.cl\/wp-json\/wp\/v2\/media?parent=4845"}],"wp:term":[{"taxonomy":"category","embeddable":true,"href":"https:\/\/cooperativaredloslagos.cl\/wp-json\/wp\/v2\/categories?post=4845"},{"taxonomy":"post_tag","embeddable":true,"href":"https:\/\/cooperativaredloslagos.cl\/wp-json\/wp\/v2\/tags?post=4845"}],"curies":[{"name":"wp","href":"https:\/\/api.w.org\/{rel}","templated":true}]}}