{"id":4848,"date":"2026-03-16T18:03:31","date_gmt":"2026-03-16T21:03:31","guid":{"rendered":"https:\/\/cooperativaredloslagos.cl\/?p=4848"},"modified":"2026-03-16T18:03:32","modified_gmt":"2026-03-16T21:03:32","slug":"denunciaron-presunto-caso-de-abuso-a-estudiante-en-colegio-nueva-alerce-de-puerto-montt","status":"publish","type":"post","link":"https:\/\/cooperativaredloslagos.cl\/2026\/03\/16\/denunciaron-presunto-caso-de-abuso-a-estudiante-en-colegio-nueva-alerce-de-puerto-montt\/","title":{"rendered":"Denunciaron presunto caso de abuso a estudiante en Colegio Nueva Alerce de Puerto Montt"},"content":{"rendered":"\n<p>El Departamento de Administraci\u00f3n de Educaci\u00f3n Municipal (DAEM) present\u00f3 una denuncia ante Carabineros y el Ministerio P\u00fablico por un presunto caso de abuso que habr\u00eda afectado a una estudiante del Colegio Nueva Alerce.<\/p>\n\n\n\n<p>Seg\u00fan inform\u00f3 el DAEM, la denuncia lleg\u00f3 el viernes 13 de marzo por parte de los padres de la alumna. De inmediato, se inici\u00f3 un sumario administrativo, se separ\u00f3 preventivamente del cargo al supuesto implicado y se adoptaron medidas de protecci\u00f3n para la menor.<\/p>\n\n\n\n<p>El alcalde Rodrigo Wainraihgt asegur\u00f3 que se activaron todos los protocolos internos y legales para resguardar a los estudiantes, subrayando que \u201clo prioritario son los ni\u00f1os y j\u00f3venes\u201d. Las autoridades insistieron en respetar la presunci\u00f3n de inocencia y el debido proceso.<\/p>\n","protected":false},"excerpt":{"rendered":"<p>El Departamento de Administraci\u00f3n de Educaci\u00f3n Municipal (DAEM) present\u00f3 una denuncia ante Carabineros y el Ministerio P\u00fablico por un presunto caso de abuso que habr\u00eda [&hellip;]<\/p>\n","protected":false},"author":4,"featured_media":4767,"comment_status":"closed","ping_status":"closed","sticky":false,"template":"","format":"standard","meta":{"_monsterinsights_skip_tracking":false,"_monsterinsights_sitenote_active":false,"_monsterinsights_sitenote_note":"","_monsterinsights_sitenote_category":0,"footnotes":""},"categories":[41,17],"tags":[],"class_list":["post-4848","post","type-post","status-publish","format-standard","has-post-thumbnail","hentry","category-judicial","category-puerto-montt"],"_links":{"self":[{"href":"https:\/\/cooperativaredloslagos.cl\/wp-json\/wp\/v2\/posts\/4848","targetHints":{"allow":["GET"]}}],"collection":[{"href":"https:\/\/cooperativaredloslagos.cl\/wp-json\/wp\/v2\/posts"}],"about":[{"href":"https:\/\/cooperativaredloslagos.cl\/wp-json\/wp\/v2\/types\/post"}],"author":[{"embeddable":true,"href":"https:\/\/cooperativaredloslagos.cl\/wp-json\/wp\/v2\/users\/4"}],"replies":[{"embeddable":true,"href":"https:\/\/cooperativaredloslagos.cl\/wp-json\/wp\/v2\/comments?post=4848"}],"version-history":[{"count":1,"href":"https:\/\/cooperativaredloslagos.cl\/wp-json\/wp\/v2\/posts\/4848\/revisions"}],"predecessor-version":[{"id":4849,"href":"https:\/\/cooperativaredloslagos.cl\/wp-json\/wp\/v2\/posts\/4848\/revisions\/4849"}],"wp:featuredmedia":[{"embeddable":true,"href":"https:\/\/cooperativaredloslagos.cl\/wp-json\/wp\/v2\/media\/4767"}],"wp:attachment":[{"href":"https:\/\/cooperativaredloslagos.cl\/wp-json\/wp\/v2\/media?parent=4848"}],"wp:term":[{"taxonomy":"category","embeddable":true,"href":"https:\/\/cooperativaredloslagos.cl\/wp-json\/wp\/v2\/categories?post=4848"},{"taxonomy":"post_tag","embeddable":true,"href":"https:\/\/cooperativaredloslagos.cl\/wp-json\/wp\/v2\/tags?post=4848"}],"curies":[{"name":"wp","href":"https:\/\/api.w.org\/{rel}","templated":true}]}}