{"id":4850,"date":"2026-03-16T18:17:27","date_gmt":"2026-03-16T21:17:27","guid":{"rendered":"https:\/\/cooperativaredloslagos.cl\/?p=4850"},"modified":"2026-03-16T18:17:29","modified_gmt":"2026-03-16T21:17:29","slug":"imputados-por-rayar-mas-de-80-inmuebles-en-puerto-montt-fueron-formalizados","status":"publish","type":"post","link":"https:\/\/cooperativaredloslagos.cl\/2026\/03\/16\/imputados-por-rayar-mas-de-80-inmuebles-en-puerto-montt-fueron-formalizados\/","title":{"rendered":"Imputados por rayar m\u00e1s de 80 inmuebles en Puerto Montt fueron formalizados"},"content":{"rendered":"\n<p>Con prohibici\u00f3n de salir del pa\u00eds y citados a audiencia de juicio abreviado o salida alternativa para mayo pr\u00f3ximo quedaron los dos imputados por rayar al menos 86 inmuebles en distintos puntos de Puerto Montt, tras ser formalizados este lunes por el delito de da\u00f1os calificados.<\/p>\n\n\n\n<p>Se trata de una mujer y un hombre, ambos con domicilio en la ciudad de Valdivia, quienes entre los a\u00f1os 2022 y 2025 habr\u00edan realizado grafitis en 11 inmuebles municipales y en m\u00faltiples propiedades privadas, con foco en el Barrio Puerto.<\/p>\n\n\n\n<p>La formalizaci\u00f3n de este lunes se da a partir de una querella presentada en agosto pasado por parte de la Unidad Penal Municipal (UPM), que permiti\u00f3 dar inicio a un proceso por parte de la Secci\u00f3n de Investigaci\u00f3n Policial (SIP) de la Segunda Comisar\u00eda de Carabineros de Puerto Montt y la Fiscal\u00eda, que finalmente redund\u00f3 en la identificaci\u00f3n de los dos imputados y la comunicaci\u00f3n de cargos.<\/p>\n\n\n\n<p>Se estima que el aval\u00fao total de los perjuicios, s\u00f3lo en relaci\u00f3n con los bienes municipales, asciende a cerca de 8 millones de pesos.<\/p>\n\n\n\n<p>El alcalde de Puerto Montt, Rodrigo Wainraihgt Galilea, resalt\u00f3 el trabajo de la UPM, la SIP de Carabineros y la Fiscal\u00eda para dar con los imputados y abrir un proceso, y record\u00f3 que en la ciudad ya se han registrado nueve casos de personas que debieron responder por sus rayados, ya sea pintando los lugares que da\u00f1aron o a trav\u00e9s del pago de multas que alcanzaron los 500 mil pesos.<\/p>\n\n\n\n<p>El abogado Marcos Emilfork, quien lidera la Unidad Penal Municipal, destac\u00f3 la formalizaci\u00f3n de los imputados como parte de un proceso que busca reforzar la pol\u00edtica municipal de tolerancia cero contra quienes atentan contra los espacios p\u00fablicos o privados, y afectan la calidad de vida de las personas y la imagen de la ciudad.<\/p>\n\n\n\n<p>\u201cAntes no se hac\u00eda nada con estos hechos y la cuidad se rayaba una y otra vez con total impunidad, incluso causando da\u00f1o a la propiedad municipal. Esto se acab\u00f3 y estamos hablando en serio, como lo demuestran ejemplos concretos de varios imputados que han debido reparar con sus recursos el da\u00f1o causado o han sido condenados a pagar multas. En este caso, como en los anteriores, fue el municipio el que impuls\u00f3 el inicio de la investigaci\u00f3n a trav\u00e9s de la querella que hoy, gracias al excelente trabajo de la SIP de Carabineros y la Fiscal\u00eda, rindi\u00f3 sus primeros frutos con la formalizaci\u00f3n de la investigaci\u00f3n contra los responsables\u201d, manifest\u00f3.<\/p>\n\n\n\n<p>Uno de los sectores m\u00e1s afectados por los da\u00f1os fue el Barrio Puerto, reconocido por el Estado como Monumento Nacional en la categor\u00eda de Zona T\u00edpica, condici\u00f3n que se superpone a la Zona de Conservaci\u00f3n Hist\u00f3rica de la Poblaci\u00f3n Marina Mercante y colinda con el \u00e1rea de inter\u00e9s tur\u00edstico de Angelm\u00f3, lo que evidencia su especial relevancia para la capital de la Regi\u00f3n de Los Lagos.<\/p>\n","protected":false},"excerpt":{"rendered":"<p>Con prohibici\u00f3n de salir del pa\u00eds y citados a audiencia de juicio abreviado o salida alternativa para mayo pr\u00f3ximo quedaron los dos imputados por rayar [&hellip;]<\/p>\n","protected":false},"author":4,"featured_media":4851,"comment_status":"closed","ping_status":"closed","sticky":false,"template":"","format":"standard","meta":{"_monsterinsights_skip_tracking":false,"_monsterinsights_sitenote_active":false,"_monsterinsights_sitenote_note":"","_monsterinsights_sitenote_category":0,"footnotes":""},"categories":[41,17],"tags":[],"class_list":["post-4850","post","type-post","status-publish","format-standard","has-post-thumbnail","hentry","category-judicial","category-puerto-montt"],"_links":{"self":[{"href":"https:\/\/cooperativaredloslagos.cl\/wp-json\/wp\/v2\/posts\/4850","targetHints":{"allow":["GET"]}}],"collection":[{"href":"https:\/\/cooperativaredloslagos.cl\/wp-json\/wp\/v2\/posts"}],"about":[{"href":"https:\/\/cooperativaredloslagos.cl\/wp-json\/wp\/v2\/types\/post"}],"author":[{"embeddable":true,"href":"https:\/\/cooperativaredloslagos.cl\/wp-json\/wp\/v2\/users\/4"}],"replies":[{"embeddable":true,"href":"https:\/\/cooperativaredloslagos.cl\/wp-json\/wp\/v2\/comments?post=4850"}],"version-history":[{"count":1,"href":"https:\/\/cooperativaredloslagos.cl\/wp-json\/wp\/v2\/posts\/4850\/revisions"}],"predecessor-version":[{"id":4852,"href":"https:\/\/cooperativaredloslagos.cl\/wp-json\/wp\/v2\/posts\/4850\/revisions\/4852"}],"wp:featuredmedia":[{"embeddable":true,"href":"https:\/\/cooperativaredloslagos.cl\/wp-json\/wp\/v2\/media\/4851"}],"wp:attachment":[{"href":"https:\/\/cooperativaredloslagos.cl\/wp-json\/wp\/v2\/media?parent=4850"}],"wp:term":[{"taxonomy":"category","embeddable":true,"href":"https:\/\/cooperativaredloslagos.cl\/wp-json\/wp\/v2\/categories?post=4850"},{"taxonomy":"post_tag","embeddable":true,"href":"https:\/\/cooperativaredloslagos.cl\/wp-json\/wp\/v2\/tags?post=4850"}],"curies":[{"name":"wp","href":"https:\/\/api.w.org\/{rel}","templated":true}]}}