{"id":5107,"date":"2026-03-27T15:08:55","date_gmt":"2026-03-27T18:08:55","guid":{"rendered":"https:\/\/cooperativaredloslagos.cl\/?p=5107"},"modified":"2026-03-27T15:08:56","modified_gmt":"2026-03-27T18:08:56","slug":"detenido-quedo-conductor-de-bus-por-tener-orden-de-detencion-vigente-y-transportar-sin-permiso-productos-del-mar-en-frutillar","status":"publish","type":"post","link":"https:\/\/cooperativaredloslagos.cl\/2026\/03\/27\/detenido-quedo-conductor-de-bus-por-tener-orden-de-detencion-vigente-y-transportar-sin-permiso-productos-del-mar-en-frutillar\/","title":{"rendered":"Detenido qued\u00f3 conductor de bus por tener orden de detenci\u00f3n vigente y transportar sin permiso productos del mar en Frutillar"},"content":{"rendered":"\n<p>En el marco de controles vehiculares efectuados en la Ruta 5 Sur, personal de Carabineros fiscaliz\u00f3 un bus de la empresa Pullman Bus, detectando que en el portaequipaje el conductor transportaba diversos productos del mar sin cadena de fr\u00edo ni resoluci\u00f3n sanitaria.<\/p>\n\n\n\n<p>Ante esta situaci\u00f3n, se procedi\u00f3 a la detenci\u00f3n del individuo por infracci\u00f3n a la normativa sanitaria vigente. Asimismo, al verificar sus antecedentes, se estableci\u00f3 que manten\u00eda una orden de detenci\u00f3n vigente por el delito de conducci\u00f3n en estado de ebriedad, emanada del Juzgado de Garant\u00eda de Puerto Montt.<\/p>\n\n\n\n<p>Especies incautadas:<\/p>\n\n\n\n<p>&nbsp;&nbsp;&nbsp;&nbsp;&nbsp;&nbsp;&nbsp;&nbsp;&nbsp;&nbsp;&nbsp; \u2022&nbsp;&nbsp;&nbsp;&nbsp;&nbsp;&nbsp;&nbsp;&nbsp;&nbsp;&nbsp; 01 caja de pulpo<\/p>\n\n\n\n<p>&nbsp;&nbsp;&nbsp;&nbsp;&nbsp;&nbsp;&nbsp;&nbsp;&nbsp;&nbsp;&nbsp; \u2022&nbsp;&nbsp;&nbsp;&nbsp;&nbsp;&nbsp;&nbsp;&nbsp;&nbsp;&nbsp; 01 caja de jaiba<\/p>\n\n\n\n<p>&nbsp;&nbsp;&nbsp;&nbsp;&nbsp;&nbsp;&nbsp;&nbsp;&nbsp;&nbsp;&nbsp; \u2022&nbsp;&nbsp;&nbsp;&nbsp;&nbsp;&nbsp;&nbsp;&nbsp;&nbsp;&nbsp; 04 cajas de trucha arco\u00edris<\/p>\n\n\n\n<p>&nbsp;&nbsp;&nbsp;&nbsp;&nbsp;&nbsp;&nbsp;&nbsp;&nbsp;&nbsp;&nbsp; \u2022&nbsp;&nbsp;&nbsp;&nbsp;&nbsp;&nbsp;&nbsp;&nbsp;&nbsp;&nbsp; 24 cajas de merluza<\/p>\n\n\n\n<p>Por instrucci\u00f3n del fiscal de turno, se dispuso tomar contacto con el SAG para la posterior destrucci\u00f3n de las especies.<\/p>\n\n\n\n<p>El detenido fue puesto a disposici\u00f3n de la justicia.<\/p>\n","protected":false},"excerpt":{"rendered":"<p>En el marco de controles vehiculares efectuados en la Ruta 5 Sur, personal de Carabineros fiscaliz\u00f3 un bus de la empresa Pullman Bus, detectando que [&hellip;]<\/p>\n","protected":false},"author":4,"featured_media":5108,"comment_status":"closed","ping_status":"closed","sticky":false,"template":"","format":"standard","meta":{"_monsterinsights_skip_tracking":false,"_monsterinsights_sitenote_active":false,"_monsterinsights_sitenote_note":"","_monsterinsights_sitenote_category":0,"footnotes":""},"categories":[28,15],"tags":[],"class_list":["post-5107","post","type-post","status-publish","format-standard","has-post-thumbnail","hentry","category-policial","category-regional"],"_links":{"self":[{"href":"https:\/\/cooperativaredloslagos.cl\/wp-json\/wp\/v2\/posts\/5107","targetHints":{"allow":["GET"]}}],"collection":[{"href":"https:\/\/cooperativaredloslagos.cl\/wp-json\/wp\/v2\/posts"}],"about":[{"href":"https:\/\/cooperativaredloslagos.cl\/wp-json\/wp\/v2\/types\/post"}],"author":[{"embeddable":true,"href":"https:\/\/cooperativaredloslagos.cl\/wp-json\/wp\/v2\/users\/4"}],"replies":[{"embeddable":true,"href":"https:\/\/cooperativaredloslagos.cl\/wp-json\/wp\/v2\/comments?post=5107"}],"version-history":[{"count":1,"href":"https:\/\/cooperativaredloslagos.cl\/wp-json\/wp\/v2\/posts\/5107\/revisions"}],"predecessor-version":[{"id":5109,"href":"https:\/\/cooperativaredloslagos.cl\/wp-json\/wp\/v2\/posts\/5107\/revisions\/5109"}],"wp:featuredmedia":[{"embeddable":true,"href":"https:\/\/cooperativaredloslagos.cl\/wp-json\/wp\/v2\/media\/5108"}],"wp:attachment":[{"href":"https:\/\/cooperativaredloslagos.cl\/wp-json\/wp\/v2\/media?parent=5107"}],"wp:term":[{"taxonomy":"category","embeddable":true,"href":"https:\/\/cooperativaredloslagos.cl\/wp-json\/wp\/v2\/categories?post=5107"},{"taxonomy":"post_tag","embeddable":true,"href":"https:\/\/cooperativaredloslagos.cl\/wp-json\/wp\/v2\/tags?post=5107"}],"curies":[{"name":"wp","href":"https:\/\/api.w.org\/{rel}","templated":true}]}}