{"id":5263,"date":"2026-04-04T09:31:09","date_gmt":"2026-04-04T12:31:09","guid":{"rendered":"https:\/\/cooperativaredloslagos.cl\/?p=5263"},"modified":"2026-04-04T10:07:19","modified_gmt":"2026-04-04T13:07:19","slug":"un-hombre-fallecio-tras-caer-con-su-camioneta-al-mar-en-chonchi","status":"publish","type":"post","link":"https:\/\/cooperativaredloslagos.cl\/2026\/04\/04\/un-hombre-fallecio-tras-caer-con-su-camioneta-al-mar-en-chonchi\/","title":{"rendered":"Un hombre falleci\u00f3 tras caer con su camioneta al mar en Chonchi"},"content":{"rendered":"\n<p>Un tr\u00e1gico accidente ocurri\u00f3 la madrugada de ayer viernes 3 de abril en Chonchi, cuando una camioneta cay\u00f3 al mar en la rampa de conectividad de Huicha, Canal Yal. El siniestro dej\u00f3 como saldo el fallecimiento de su \u00fanico ocupante, un hombre de 52 a\u00f1os, identificado como, Leonardo Ruiz, inspector general del Liceo de Puqueld\u00f3n.<\/p>\n\n\n\n<p>El Cuerpo de Bomberos de Chonchi y la autoridad mar\u00edtima se movilizaron alrededor de las 06:30 horas hacia el sector. Seg\u00fan el reporte oficial, el veh\u00edculo menor se precipit\u00f3 a las aguas mientras realizaba maniobras de embarque en una barcaza. Personal del SAMU constat\u00f3 el deceso de la v\u00edctima en el lugar.<\/p>\n\n\n\n<p>El teniente primero Felipe Ortega \u00c1lvarez, Capit\u00e1n de Puerto de Chonchi, confirm\u00f3 que la Polic\u00eda Mar\u00edtima adopt\u00f3 el procedimiento inicial de la emergencia. Las diligencias investigativas posteriores quedaron a cargo de la Secci\u00f3n de Investigaciones Policiales (SIP) de Carabineros, con el fin de establecer las causas exactas del suceso.<\/p>\n\n\n\n<p>Tras la confirmaci\u00f3n del fallecimiento, los equipos de emergencia permanecieron a la espera del Servicio M\u00e9dico Legal para el respectivo levantamiento del cuerpo. Adicionalmente, el Capit\u00e1n Ortega precis\u00f3 que no se han detectado indicios de contaminaci\u00f3n en el \u00e1rea mar\u00edtima producto de la ca\u00edda del veh\u00edculo.<\/p>\n\n\n\n<p>La autoridad asegur\u00f3 que continuar\u00e1 monitoreando constantemente las condiciones de la zona para descartar cualquier impacto ambiental posterior. Adem\u00e1s, se mantendr\u00e1n colaborando y entregando todos los antecedentes necesarios a la justicia hasta el total esclarecimiento de este lamentable accidente.<\/p>\n\n\n\n<p>La comunidad educativa y los habitantes de la zona expresaron su profunda consternaci\u00f3n por la p\u00e9rdida de Ruiz, recordando por su compromiso con los estudiantes y la instituci\u00f3n.<\/p>\n","protected":false},"excerpt":{"rendered":"<p>Un tr\u00e1gico accidente ocurri\u00f3 la madrugada de ayer viernes 3 de abril en Chonchi, cuando una camioneta cay\u00f3 al mar en la rampa de conectividad [&hellip;]<\/p>\n","protected":false},"author":4,"featured_media":5265,"comment_status":"closed","ping_status":"closed","sticky":false,"template":"","format":"standard","meta":{"_monsterinsights_skip_tracking":false,"_monsterinsights_sitenote_active":false,"_monsterinsights_sitenote_note":"","_monsterinsights_sitenote_category":0,"footnotes":""},"categories":[29,28],"tags":[],"class_list":["post-5263","post","type-post","status-publish","format-standard","has-post-thumbnail","hentry","category-chiloe","category-policial"],"_links":{"self":[{"href":"https:\/\/cooperativaredloslagos.cl\/wp-json\/wp\/v2\/posts\/5263","targetHints":{"allow":["GET"]}}],"collection":[{"href":"https:\/\/cooperativaredloslagos.cl\/wp-json\/wp\/v2\/posts"}],"about":[{"href":"https:\/\/cooperativaredloslagos.cl\/wp-json\/wp\/v2\/types\/post"}],"author":[{"embeddable":true,"href":"https:\/\/cooperativaredloslagos.cl\/wp-json\/wp\/v2\/users\/4"}],"replies":[{"embeddable":true,"href":"https:\/\/cooperativaredloslagos.cl\/wp-json\/wp\/v2\/comments?post=5263"}],"version-history":[{"count":2,"href":"https:\/\/cooperativaredloslagos.cl\/wp-json\/wp\/v2\/posts\/5263\/revisions"}],"predecessor-version":[{"id":5279,"href":"https:\/\/cooperativaredloslagos.cl\/wp-json\/wp\/v2\/posts\/5263\/revisions\/5279"}],"wp:featuredmedia":[{"embeddable":true,"href":"https:\/\/cooperativaredloslagos.cl\/wp-json\/wp\/v2\/media\/5265"}],"wp:attachment":[{"href":"https:\/\/cooperativaredloslagos.cl\/wp-json\/wp\/v2\/media?parent=5263"}],"wp:term":[{"taxonomy":"category","embeddable":true,"href":"https:\/\/cooperativaredloslagos.cl\/wp-json\/wp\/v2\/categories?post=5263"},{"taxonomy":"post_tag","embeddable":true,"href":"https:\/\/cooperativaredloslagos.cl\/wp-json\/wp\/v2\/tags?post=5263"}],"curies":[{"name":"wp","href":"https:\/\/api.w.org\/{rel}","templated":true}]}}