{"id":5266,"date":"2026-04-04T09:37:41","date_gmt":"2026-04-04T12:37:41","guid":{"rendered":"https:\/\/cooperativaredloslagos.cl\/?p=5266"},"modified":"2026-04-04T09:37:42","modified_gmt":"2026-04-04T12:37:42","slug":"junji-anuncia-cupos-disponibles-en-jardines-infantiles-de-la-region-de-los-lagos","status":"publish","type":"post","link":"https:\/\/cooperativaredloslagos.cl\/2026\/04\/04\/junji-anuncia-cupos-disponibles-en-jardines-infantiles-de-la-region-de-los-lagos\/","title":{"rendered":"JUNJI anuncia cupos disponibles en jardines infantiles de la regi\u00f3n de Los Lagos"},"content":{"rendered":"\n<p>La Junta Nacional de Jardines Infantiles (JUNJI) anunci\u00f3 la disponibilidad de cupos en diversos establecimientos de la Regi\u00f3n de Los Lagos para el periodo 2026, invitando a las familias a realizar el tr\u00e1mite de postulaci\u00f3n de manera digital.<\/p>\n\n\n\n<p>El director regional de la instituci\u00f3n, Francisco Vald\u00e9s Lagos, inform\u00f3 que el proceso se centraliza a trav\u00e9s de la plataforma SIM Multipostulador. Esta herramienta permite a los apoderados inscribir a ni\u00f1os y ni\u00f1as de entre 3 meses y 4 a\u00f1os de edad.<\/p>\n\n\n\n<p>Para formalizar la solicitud, los interesados deben ingresar al sitio web oficial www.junji.cl. En el portal deber\u00e1n completar los antecedentes del p\u00e1rvulo y seleccionar el jard\u00edn infantil de su preferencia seg\u00fan la ubicaci\u00f3n geogr\u00e1fica y disponibilidad de niveles.<\/p>\n\n\n\n<p>Las vacantes se concentran principalmente en sectores de alta demanda como Rahue Alto en Osorno y Alerce en Puerto Montt. Tambi\u00e9n se reportan cupos en comunas de las provincias de Llanquihue y Chilo\u00e9, incluyendo Ancud, Castro y Quell\u00f3n.<\/p>\n\n\n\n<p>El servicio dispone de atenci\u00f3n presencial en Rengifo 830, Puerto Montt, para resolver dudas. Asimismo, se habilitaron los canales del SIAC y el contacto directo con Mar\u00eda Soledad Uribe al tel\u00e9fono 65 238 7010 para asistencia t\u00e9cnica.<\/p>\n\n\n\n<p>La oferta educativa de JUNJI busca garantizar bienestar integral y aprendizaje temprano para las familias m\u00e1s vulnerables. Se recomienda a los padres verificar si el recinto seleccionado cuenta con cupos en Sala Cuna o Niveles Medios antes de postular.<\/p>\n\n\n\n<p><strong>Provincia de Osorno<\/strong><\/p>\n\n\n\n<p>Blanca Nieves y Los Siete Enanitos (Osorno): Cuba 1599, poblaci\u00f3n Pedro Aguirre Cerda, Rahue Alto.<\/p>\n\n\n\n<p>Pisatraiguen (Osorno): Calle Monte Verde 1930, sector Pisatraiguen.<\/p>\n\n\n\n<p>Relmu Fentren (Osorno): Guillermo Schencke N.\u00ba 790, Rahue Alto.<\/p>\n\n\n\n<p>Semillas de Amor (Osorno): Panguimapu 2890, villa Lololhue, Quinto Centenario.<\/p>\n\n\n\n<p>Lluvia de Estrellas (Osorno): Pasaje La Cumbre 2180, villa Caut\u00edn, Quinto Centenario.<\/p>\n\n\n\n<p>Aukantuwe (Osorno): Santa Rosa de Lima 2087, poblaci\u00f3n Schilling.<\/p>\n\n\n\n<p>Bosque de Colores (Osorno): Con Con 650, sector Chuyaca.<\/p>\n\n\n\n<p>Estrellita (Osorno): Pasaje Hugo Aubel 1811, poblaci\u00f3n Las Vegas, Rahue Alto.<\/p>\n\n\n\n<p>Peque\u00f1os Pasos (Osorno): Calle Pichimpulli 2450, villa Atl\u00e1ntico.<\/p>\n\n\n\n<p>Che Mongen (Osorno): Wenumapu 2544, villa Quilacahuin, Quinto Centenario.<\/p>\n\n\n\n<p>Amancay (R\u00edo Negro): Valpara\u00edso esquina Cauquenes, poblaci\u00f3n Alcalde Hubach.<\/p>\n\n\n\n<p><strong>Provincia de Llanquihue<\/strong><\/p>\n\n\n\n<p>Senderos de Luz (Puerto Montt): Puerto Cisnes 1007, avenida Norte\u2013Sur, Altos de Alerce.<\/p>\n\n\n\n<p>Navegando Sonrisas (Puerto Montt): Calle Transversal 4 C, Transversal 3 s\/n, Alerce.<\/p>\n\n\n\n<p>Milla Ant\u00fc (Puerto Montt): Avenida Norte Sur 2, N\u00b0 5168, Alerce.<\/p>\n\n\n\n<p>Ra\u00edces de Colores (Puerto Montt): Ohiggins 491 Esq Norte Sur 2 Alerce.<\/p>\n\n\n\n<p>La Gotita (Puerto Montt): Abelino Bravo 246 Pob. Libertad.<\/p>\n\n\n\n<p>Sue\u00f1o de Colores (Puerto Montt): Los Copihues 429 Pobl. La Rotonda (cupos solo en niveles sala cuna).<\/p>\n\n\n\n<p>Lugar de Sol (Puerto Montt): Avenida Presidente Ib\u00e1\u00f1ez\/Lautaro, poblaci\u00f3n Antuhue.<\/p>\n\n\n\n<p>Flores del Valle (Puerto Montt): Aurelio Andrade 4655 Poblacion Valle Volcanes (cupos niveles sala cuna).<\/p>\n\n\n\n<p>Dejando Huellas (Puerto Montt): Av. Las Cahuellas Oriente S\/n Costa Tenglo Alto (cupos solo en niveles sala cuna).<\/p>\n\n\n\n<p>Heidi (Puerto Varas): Avda. Colon 0855, Esq. Errazuriz.<\/p>\n\n\n\n<p>Entre Cerros y R\u00edos (Maull\u00edn): Calle Berta Reyes esquina San Pedro s\/n, poblaci\u00f3n Ten Ten.<\/p>\n\n\n\n<p>Los Volcanes (Llanquihue): Avenida Los Volcanes s\/n.<\/p>\n\n\n\n<p>Gotitas de Laguna (Llanquihue): Erardo Werner 642.<\/p>\n\n\n\n<p>Mapu Aliwen (Llanquihue): Sargento Aldea s\/n, sector Pellines.<\/p>\n\n\n\n<p><strong>Provincia de Chilo\u00e9<\/strong><\/p>\n\n\n\n<p>Piol\u00edn (Ancud): Gabriela Mistral 20, poblaci\u00f3n In\u00e9s de Baz\u00e1n.<\/p>\n\n\n\n<p>Semillitas Chilotas (Ancud): Poeta Francisco Javier Cavada N.\u00ba 2700, villa Las Artes.<\/p>\n\n\n\n<p>Raimapu (Castro): Avenida Galvarino Riveros 2019-A. Cupos solo en niveles medios.<\/p>\n\n\n\n<p>Pichi Kuyen (Quell\u00f3n): Pasaje Trincao 46 Pob. Fco. Coloane.<\/p>\n","protected":false},"excerpt":{"rendered":"<p>La Junta Nacional de Jardines Infantiles (JUNJI) anunci\u00f3 la disponibilidad de cupos en diversos establecimientos de la Regi\u00f3n de Los Lagos para el periodo 2026, [&hellip;]<\/p>\n","protected":false},"author":4,"featured_media":5267,"comment_status":"closed","ping_status":"closed","sticky":false,"template":"","format":"standard","meta":{"_monsterinsights_skip_tracking":false,"_monsterinsights_sitenote_active":false,"_monsterinsights_sitenote_note":"","_monsterinsights_sitenote_category":0,"footnotes":""},"categories":[27,15],"tags":[],"class_list":["post-5266","post","type-post","status-publish","format-standard","has-post-thumbnail","hentry","category-educacion","category-regional"],"_links":{"self":[{"href":"https:\/\/cooperativaredloslagos.cl\/wp-json\/wp\/v2\/posts\/5266","targetHints":{"allow":["GET"]}}],"collection":[{"href":"https:\/\/cooperativaredloslagos.cl\/wp-json\/wp\/v2\/posts"}],"about":[{"href":"https:\/\/cooperativaredloslagos.cl\/wp-json\/wp\/v2\/types\/post"}],"author":[{"embeddable":true,"href":"https:\/\/cooperativaredloslagos.cl\/wp-json\/wp\/v2\/users\/4"}],"replies":[{"embeddable":true,"href":"https:\/\/cooperativaredloslagos.cl\/wp-json\/wp\/v2\/comments?post=5266"}],"version-history":[{"count":1,"href":"https:\/\/cooperativaredloslagos.cl\/wp-json\/wp\/v2\/posts\/5266\/revisions"}],"predecessor-version":[{"id":5268,"href":"https:\/\/cooperativaredloslagos.cl\/wp-json\/wp\/v2\/posts\/5266\/revisions\/5268"}],"wp:featuredmedia":[{"embeddable":true,"href":"https:\/\/cooperativaredloslagos.cl\/wp-json\/wp\/v2\/media\/5267"}],"wp:attachment":[{"href":"https:\/\/cooperativaredloslagos.cl\/wp-json\/wp\/v2\/media?parent=5266"}],"wp:term":[{"taxonomy":"category","embeddable":true,"href":"https:\/\/cooperativaredloslagos.cl\/wp-json\/wp\/v2\/categories?post=5266"},{"taxonomy":"post_tag","embeddable":true,"href":"https:\/\/cooperativaredloslagos.cl\/wp-json\/wp\/v2\/tags?post=5266"}],"curies":[{"name":"wp","href":"https:\/\/api.w.org\/{rel}","templated":true}]}}