{"id":5273,"date":"2026-04-04T10:00:00","date_gmt":"2026-04-04T13:00:00","guid":{"rendered":"https:\/\/cooperativaredloslagos.cl\/?p=5273"},"modified":"2026-04-04T10:00:01","modified_gmt":"2026-04-04T13:00:01","slug":"operativo-de-carabineros-en-los-lagos-dejo-51-detenidos-en-el-que-participaron-mas-de-460-funcionarios","status":"publish","type":"post","link":"https:\/\/cooperativaredloslagos.cl\/2026\/04\/04\/operativo-de-carabineros-en-los-lagos-dejo-51-detenidos-en-el-que-participaron-mas-de-460-funcionarios\/","title":{"rendered":"Operativo de Carabineros en Los Lagos dej\u00f3 51 detenidos en el que participaron m\u00e1s de 460 funcionarios"},"content":{"rendered":"\n<p>Carabineros de la Zona Los Lagos desarroll\u00f3 una Ronda Extraordinaria y servicios de oferta diferenciada a nivel regional, con un amplio despliegue preventivo que cont\u00f3 con la participaci\u00f3n de m\u00e1s de 460 Carabineros en distintas comunas de la regi\u00f3n.<\/p>\n\n\n\n<p>Este servicio se realiz\u00f3 adem\u00e1s en coordinaci\u00f3n con la Delegaci\u00f3n Presidencial Regional, la Seremi de Seguridad P\u00fablica y municipalidades, fortaleciendo el trabajo interinstitucional para reforzar la seguridad y la prevenci\u00f3n del delito.<\/p>\n\n\n\n<p>Como resultado del operativo regional se obtuvo el siguiente balance:<\/p>\n\n\n\n<p>Detenidos: 51 personas por distintos delitos, entre ellos \u00f3rdenes de detenci\u00f3n vigentes, infracciones a la Ley 20.000 de drogas, violencia intrafamiliar, desacato, robo en lugar no habitado, porte de armas, tr\u00e1fico y microtr\u00e1fico de drogas, adem\u00e1s de conducci\u00f3n en estado de ebriedad y bajo la influencia de sustancias.<\/p>\n\n\n\n<p>Denuncias: 149 por diversas infracciones a la normativa vigente.<\/p>\n\n\n\n<p>Infracciones: 232, principalmente a la Ley de Tr\u00e1nsito y Ley de Alcoholes, adem\u00e1s de infracciones vinculadas a seguridad privada y fiscalizaci\u00f3n de locales.<\/p>\n\n\n\n<p>Controles: 3.190 controles preventivos, entre controles de identidad, controles vehiculares y fiscalizaciones a locales de alcoholes.<\/p>\n\n\n\n<p>Desde Carabineros destacaron que este despliegue marca el inicio de las actividades del mes aniversario institucional, reafirmando el compromiso de fortalecer la presencia policial y el trabajo coordinado con las autoridades para brindar mayor seguridad a los habitantes de la Regi\u00f3n de Los Lagos.<\/p>\n","protected":false},"excerpt":{"rendered":"<p>Carabineros de la Zona Los Lagos desarroll\u00f3 una Ronda Extraordinaria y servicios de oferta diferenciada a nivel regional, con un amplio despliegue preventivo que cont\u00f3 [&hellip;]<\/p>\n","protected":false},"author":4,"featured_media":5276,"comment_status":"closed","ping_status":"closed","sticky":false,"template":"","format":"standard","meta":{"_monsterinsights_skip_tracking":false,"_monsterinsights_sitenote_active":false,"_monsterinsights_sitenote_note":"","_monsterinsights_sitenote_category":0,"footnotes":""},"categories":[28,15],"tags":[],"class_list":["post-5273","post","type-post","status-publish","format-standard","has-post-thumbnail","hentry","category-policial","category-regional"],"_links":{"self":[{"href":"https:\/\/cooperativaredloslagos.cl\/wp-json\/wp\/v2\/posts\/5273","targetHints":{"allow":["GET"]}}],"collection":[{"href":"https:\/\/cooperativaredloslagos.cl\/wp-json\/wp\/v2\/posts"}],"about":[{"href":"https:\/\/cooperativaredloslagos.cl\/wp-json\/wp\/v2\/types\/post"}],"author":[{"embeddable":true,"href":"https:\/\/cooperativaredloslagos.cl\/wp-json\/wp\/v2\/users\/4"}],"replies":[{"embeddable":true,"href":"https:\/\/cooperativaredloslagos.cl\/wp-json\/wp\/v2\/comments?post=5273"}],"version-history":[{"count":1,"href":"https:\/\/cooperativaredloslagos.cl\/wp-json\/wp\/v2\/posts\/5273\/revisions"}],"predecessor-version":[{"id":5277,"href":"https:\/\/cooperativaredloslagos.cl\/wp-json\/wp\/v2\/posts\/5273\/revisions\/5277"}],"wp:featuredmedia":[{"embeddable":true,"href":"https:\/\/cooperativaredloslagos.cl\/wp-json\/wp\/v2\/media\/5276"}],"wp:attachment":[{"href":"https:\/\/cooperativaredloslagos.cl\/wp-json\/wp\/v2\/media?parent=5273"}],"wp:term":[{"taxonomy":"category","embeddable":true,"href":"https:\/\/cooperativaredloslagos.cl\/wp-json\/wp\/v2\/categories?post=5273"},{"taxonomy":"post_tag","embeddable":true,"href":"https:\/\/cooperativaredloslagos.cl\/wp-json\/wp\/v2\/tags?post=5273"}],"curies":[{"name":"wp","href":"https:\/\/api.w.org\/{rel}","templated":true}]}}