{"id":5280,"date":"2026-04-04T10:12:42","date_gmt":"2026-04-04T13:12:42","guid":{"rendered":"https:\/\/cooperativaredloslagos.cl\/?p=5280"},"modified":"2026-04-04T10:12:43","modified_gmt":"2026-04-04T13:12:43","slug":"horario-de-invierno-se-adelanta-o-se-atrasa-la-hora-hoy-sabado-4-de-abril","status":"publish","type":"post","link":"https:\/\/cooperativaredloslagos.cl\/2026\/04\/04\/horario-de-invierno-se-adelanta-o-se-atrasa-la-hora-hoy-sabado-4-de-abril\/","title":{"rendered":"Horario de invierno: \u00bfSe adelanta o se atrasa la hora hoy s\u00e1bado 4 de abril?"},"content":{"rendered":"\n<p>Este s\u00e1bado 4 de abril se cambia la hora en gran parte de Chile para pasar al horario de invierno 2026, por lo que muchas personas se preguntan si se adelantan o se atrasan los relojes.<\/p>\n\n\n\n<p>Es importante tener en cuenta que el cambio de hora no rige para todo el territorio nacional y, tambi\u00e9n, que la hora en que se deben ajustar los relojes depende de la zona del pa\u00eds.<\/p>\n\n\n\n<p>A continuaci\u00f3n revisa c\u00f3mo se deben modificar los relojes este s\u00e1bado y en qu\u00e9 partes.<\/p>\n\n\n\n<p><strong>\u00bfSe adelantan o atrasan los relojes para pasar al horario de invierno?<\/strong><\/p>\n\n\n\n<p>Este s\u00e1bado los relojes se deber\u00e1n retrasar una hora a la medianoche para dar paso al horario de invierno en casi todo Chile. Es decir, cuando sean las 00:00 hrs, deber\u00e1n volver a las 23:00 hrs.<\/p>\n\n\n\n<p>En Chile Insular, Isla de Pascua e Isla Salas y G\u00f3mez, los relojes se deber\u00e1n modificar a las 22 horas del s\u00e1bado 4 de abril.<\/p>\n\n\n\n<p><strong>\u00bfD\u00f3nde se debe modificar la hora?<\/strong><\/p>\n\n\n\n<p>El cambio de hora rige en todo Chile, excepto en las regiones de Ays\u00e9n y Magallanes y la Ant\u00e1rtica Chilena.<\/p>\n\n\n\n<p>En estas zonas el huso horario se debe mantener.<\/p>\n\n\n\n<p>Con la llegada del horario de invierno, las ma\u00f1anas tendr\u00e1n mayor luz natural, mientras que las tardes se oscurecer\u00e1n m\u00e1s temprano, un cambio que influye en la rutina de millones de personas.<\/p>\n\n\n\n<p><strong>Ajuste en dispositivos<\/strong><\/p>\n\n\n\n<p>En la pr\u00e1ctica, la mayor\u00eda de los dispositivos electr\u00f3nicos conectados a internet \u2014como celulares y computadores\u2014 realizar\u00e1n el cambio de manera autom\u00e1tica.<\/p>\n\n\n\n<p>Sin embargo, relojes anal\u00f3gicos, equipos sin conexi\u00f3n y algunos sistemas antiguos deber\u00e1n ser ajustados manualmente por los usuarios.<\/p>\n\n\n\n<p>Como es habitual, este ajuste horario vuelve a instalarse como un tema de inter\u00e9s general, especialmente por su impacto en la vida cotidiana y la necesidad de adaptarse a una nueva distribuci\u00f3n de la luz durante el d\u00eda.<\/p>\n","protected":false},"excerpt":{"rendered":"<p>Este s\u00e1bado 4 de abril se cambia la hora en gran parte de Chile para pasar al horario de invierno 2026, por lo que muchas [&hellip;]<\/p>\n","protected":false},"author":4,"featured_media":5281,"comment_status":"closed","ping_status":"closed","sticky":false,"template":"","format":"standard","meta":{"_monsterinsights_skip_tracking":false,"_monsterinsights_sitenote_active":false,"_monsterinsights_sitenote_note":"","_monsterinsights_sitenote_category":0,"footnotes":""},"categories":[15,4],"tags":[],"class_list":["post-5280","post","type-post","status-publish","format-standard","has-post-thumbnail","hentry","category-regional","category-lifestyle"],"_links":{"self":[{"href":"https:\/\/cooperativaredloslagos.cl\/wp-json\/wp\/v2\/posts\/5280","targetHints":{"allow":["GET"]}}],"collection":[{"href":"https:\/\/cooperativaredloslagos.cl\/wp-json\/wp\/v2\/posts"}],"about":[{"href":"https:\/\/cooperativaredloslagos.cl\/wp-json\/wp\/v2\/types\/post"}],"author":[{"embeddable":true,"href":"https:\/\/cooperativaredloslagos.cl\/wp-json\/wp\/v2\/users\/4"}],"replies":[{"embeddable":true,"href":"https:\/\/cooperativaredloslagos.cl\/wp-json\/wp\/v2\/comments?post=5280"}],"version-history":[{"count":1,"href":"https:\/\/cooperativaredloslagos.cl\/wp-json\/wp\/v2\/posts\/5280\/revisions"}],"predecessor-version":[{"id":5282,"href":"https:\/\/cooperativaredloslagos.cl\/wp-json\/wp\/v2\/posts\/5280\/revisions\/5282"}],"wp:featuredmedia":[{"embeddable":true,"href":"https:\/\/cooperativaredloslagos.cl\/wp-json\/wp\/v2\/media\/5281"}],"wp:attachment":[{"href":"https:\/\/cooperativaredloslagos.cl\/wp-json\/wp\/v2\/media?parent=5280"}],"wp:term":[{"taxonomy":"category","embeddable":true,"href":"https:\/\/cooperativaredloslagos.cl\/wp-json\/wp\/v2\/categories?post=5280"},{"taxonomy":"post_tag","embeddable":true,"href":"https:\/\/cooperativaredloslagos.cl\/wp-json\/wp\/v2\/tags?post=5280"}],"curies":[{"name":"wp","href":"https:\/\/api.w.org\/{rel}","templated":true}]}}