{"id":5285,"date":"2026-04-04T13:45:35","date_gmt":"2026-04-04T16:45:35","guid":{"rendered":"https:\/\/cooperativaredloslagos.cl\/?p=5285"},"modified":"2026-04-04T13:45:37","modified_gmt":"2026-04-04T16:45:37","slug":"carabineros-detuvieron-a-tres-sujetos-por-hurto-de-tractor-y-receptacion-de-vehiculo-en-puerto-montt","status":"publish","type":"post","link":"https:\/\/cooperativaredloslagos.cl\/2026\/04\/04\/carabineros-detuvieron-a-tres-sujetos-por-hurto-de-tractor-y-receptacion-de-vehiculo-en-puerto-montt\/","title":{"rendered":"Carabineros detuvieron a tres sujetos por hurto de tractor y receptaci\u00f3n de veh\u00edculo en Puerto Montt"},"content":{"rendered":"\n<p>Carabineros de la Tenencia Las Quemas, dependiente de la 7\u00aa Comisar\u00eda Mirasol, logr\u00f3 la detenci\u00f3n de tres individuos por su presunta participaci\u00f3n en el hurto de un tractor y la receptaci\u00f3n de un veh\u00edculo con encargo vigente por robo, en un procedimiento desarrollado durante la ma\u00f1ana de este s\u00e1bado.<\/p>\n\n\n\n<p>El hecho qued\u00f3 al descubierto luego de que la v\u00edctima advirtiera la sustracci\u00f3n de su tractor marca New Holland, color azul, desde su propiedad. De acuerdo con los antecedentes, el afectado mantuvo en todo momento seguimiento visual de la maquinaria agr\u00edcola, observando que uno de los sujetos la conduc\u00eda mientras otros dos se movilizaban en un veh\u00edculo menor marca JAC, modelo JS2, con placas patentes adulteradas.<\/p>\n\n\n\n<p>Posteriormente, los individuos abandonaron el tractor en calle L\u00ednea Balmaceda, huyendo en el autom\u00f3vil. Tras un despliegue policial, personal de Carabineros logr\u00f3 darles alcance en calle L\u00ednea 10, deteniendo inicialmente a uno de los involucrados, mientras los otros dos intentaron evadir la acci\u00f3n policial ingresando a un sitio eriazo.<\/p>\n\n\n\n<p>Gracias a un operativo de fiscalizaci\u00f3n efectuado por personal del Control de Orden P\u00fablico (COP) en conjunto con Carabineros territoriales, y conforme a las caracter\u00edsticas entregadas por la Central de Comunicaciones (CENCO), se logr\u00f3 ubicar y detener a los dos individuos restantes.<\/p>\n\n\n\n<p>Durante el procedimiento, se verific\u00f3 el n\u00famero de chasis del veh\u00edculo JAC, estableciendo que manten\u00eda encargo vigente por el delito de robo de veh\u00edculo motorizado, denuncia registrada en la 1\u00aa Comisar\u00eda de Puerto Varas con fecha 2 de abril de 2026.<\/p>\n\n\n\n<p>Los tres detenidos fueron puestos a disposici\u00f3n del Ministerio P\u00fablico, mientras se mantienen a la espera de las instrucciones del fiscal de turno respecto del procedimiento.<\/p>\n","protected":false},"excerpt":{"rendered":"<p>Carabineros de la Tenencia Las Quemas, dependiente de la 7\u00aa Comisar\u00eda Mirasol, logr\u00f3 la detenci\u00f3n de tres individuos por su presunta participaci\u00f3n en el hurto [&hellip;]<\/p>\n","protected":false},"author":4,"featured_media":5286,"comment_status":"closed","ping_status":"closed","sticky":false,"template":"","format":"standard","meta":{"_monsterinsights_skip_tracking":false,"_monsterinsights_sitenote_active":false,"_monsterinsights_sitenote_note":"","_monsterinsights_sitenote_category":0,"footnotes":""},"categories":[28,17],"tags":[],"class_list":["post-5285","post","type-post","status-publish","format-standard","has-post-thumbnail","hentry","category-policial","category-puerto-montt"],"_links":{"self":[{"href":"https:\/\/cooperativaredloslagos.cl\/wp-json\/wp\/v2\/posts\/5285","targetHints":{"allow":["GET"]}}],"collection":[{"href":"https:\/\/cooperativaredloslagos.cl\/wp-json\/wp\/v2\/posts"}],"about":[{"href":"https:\/\/cooperativaredloslagos.cl\/wp-json\/wp\/v2\/types\/post"}],"author":[{"embeddable":true,"href":"https:\/\/cooperativaredloslagos.cl\/wp-json\/wp\/v2\/users\/4"}],"replies":[{"embeddable":true,"href":"https:\/\/cooperativaredloslagos.cl\/wp-json\/wp\/v2\/comments?post=5285"}],"version-history":[{"count":1,"href":"https:\/\/cooperativaredloslagos.cl\/wp-json\/wp\/v2\/posts\/5285\/revisions"}],"predecessor-version":[{"id":5287,"href":"https:\/\/cooperativaredloslagos.cl\/wp-json\/wp\/v2\/posts\/5285\/revisions\/5287"}],"wp:featuredmedia":[{"embeddable":true,"href":"https:\/\/cooperativaredloslagos.cl\/wp-json\/wp\/v2\/media\/5286"}],"wp:attachment":[{"href":"https:\/\/cooperativaredloslagos.cl\/wp-json\/wp\/v2\/media?parent=5285"}],"wp:term":[{"taxonomy":"category","embeddable":true,"href":"https:\/\/cooperativaredloslagos.cl\/wp-json\/wp\/v2\/categories?post=5285"},{"taxonomy":"post_tag","embeddable":true,"href":"https:\/\/cooperativaredloslagos.cl\/wp-json\/wp\/v2\/tags?post=5285"}],"curies":[{"name":"wp","href":"https:\/\/api.w.org\/{rel}","templated":true}]}}