{"id":5321,"date":"2026-04-06T14:01:17","date_gmt":"2026-04-06T18:01:17","guid":{"rendered":"https:\/\/cooperativaredloslagos.cl\/?p=5321"},"modified":"2026-04-06T14:01:18","modified_gmt":"2026-04-06T18:01:18","slug":"daem-de-puerto-montt-ofrecio-disculpas-publicas-por-retraso-en-pago-de-remuneraciones","status":"publish","type":"post","link":"https:\/\/cooperativaredloslagos.cl\/2026\/04\/06\/daem-de-puerto-montt-ofrecio-disculpas-publicas-por-retraso-en-pago-de-remuneraciones\/","title":{"rendered":"DAEM de Puerto Montt ofreci\u00f3 disculpas p\u00fablicas por retraso en pago de remuneraciones"},"content":{"rendered":"\n<p>El Departamento de Administraci\u00f3n de Educaci\u00f3n Municipal (DAEM) de Puerto Montt reconoci\u00f3 retrasos en el pago de remuneraciones que afectaron a funcionarios de establecimientos educacionales, junto con ofrecer disculpas p\u00fablicas a quienes vieron perjudicada su situaci\u00f3n personal y familiar.<\/p>\n\n\n\n<p>Desde el organismo se\u00f1alaron que, tras detectar las irregularidades, se inici\u00f3 un proceso de regularizaci\u00f3n progresivo. El jueves 2 de abril se resolvieron 60 casos, mientras que este lunes 6 de abril se completar\u00eda el pago de los 157 funcionarios restantes que a\u00fan se encontraban pendientes.<\/p>\n\n\n\n<p>Asimismo, el DAEM indic\u00f3 que la Unidad de Recursos Humanos se mantiene disponible para atender consultas y entregar orientaci\u00f3n a quienes requieran informaci\u00f3n adicional sobre su situaci\u00f3n, en medio del proceso de normalizaci\u00f3n de pagos.<\/p>\n\n\n\n<figure class=\"wp-block-image size-full\"><img loading=\"lazy\" decoding=\"async\" width=\"1198\" height=\"1560\" src=\"https:\/\/cooperativaredloslagos.cl\/wp-content\/uploads\/2026\/04\/665819406_1772438270831339_1299526603678605639_n.jpg\" alt=\"\" class=\"wp-image-5323\" srcset=\"https:\/\/cooperativaredloslagos.cl\/wp-content\/uploads\/2026\/04\/665819406_1772438270831339_1299526603678605639_n.jpg 1198w, https:\/\/cooperativaredloslagos.cl\/wp-content\/uploads\/2026\/04\/665819406_1772438270831339_1299526603678605639_n-461x600.jpg 461w, https:\/\/cooperativaredloslagos.cl\/wp-content\/uploads\/2026\/04\/665819406_1772438270831339_1299526603678605639_n-768x1000.jpg 768w, https:\/\/cooperativaredloslagos.cl\/wp-content\/uploads\/2026\/04\/665819406_1772438270831339_1299526603678605639_n-1180x1536.jpg 1180w\" sizes=\"auto, (max-width: 1198px) 100vw, 1198px\" \/><\/figure>\n","protected":false},"excerpt":{"rendered":"<p>El Departamento de Administraci\u00f3n de Educaci\u00f3n Municipal (DAEM) de Puerto Montt reconoci\u00f3 retrasos en el pago de remuneraciones que afectaron a funcionarios de establecimientos educacionales, [&hellip;]<\/p>\n","protected":false},"author":4,"featured_media":5322,"comment_status":"closed","ping_status":"closed","sticky":false,"template":"","format":"standard","meta":{"_monsterinsights_skip_tracking":false,"_monsterinsights_sitenote_active":false,"_monsterinsights_sitenote_note":"","_monsterinsights_sitenote_category":0,"footnotes":""},"categories":[27,17],"tags":[],"class_list":["post-5321","post","type-post","status-publish","format-standard","has-post-thumbnail","hentry","category-educacion","category-puerto-montt"],"_links":{"self":[{"href":"https:\/\/cooperativaredloslagos.cl\/wp-json\/wp\/v2\/posts\/5321","targetHints":{"allow":["GET"]}}],"collection":[{"href":"https:\/\/cooperativaredloslagos.cl\/wp-json\/wp\/v2\/posts"}],"about":[{"href":"https:\/\/cooperativaredloslagos.cl\/wp-json\/wp\/v2\/types\/post"}],"author":[{"embeddable":true,"href":"https:\/\/cooperativaredloslagos.cl\/wp-json\/wp\/v2\/users\/4"}],"replies":[{"embeddable":true,"href":"https:\/\/cooperativaredloslagos.cl\/wp-json\/wp\/v2\/comments?post=5321"}],"version-history":[{"count":1,"href":"https:\/\/cooperativaredloslagos.cl\/wp-json\/wp\/v2\/posts\/5321\/revisions"}],"predecessor-version":[{"id":5324,"href":"https:\/\/cooperativaredloslagos.cl\/wp-json\/wp\/v2\/posts\/5321\/revisions\/5324"}],"wp:featuredmedia":[{"embeddable":true,"href":"https:\/\/cooperativaredloslagos.cl\/wp-json\/wp\/v2\/media\/5322"}],"wp:attachment":[{"href":"https:\/\/cooperativaredloslagos.cl\/wp-json\/wp\/v2\/media?parent=5321"}],"wp:term":[{"taxonomy":"category","embeddable":true,"href":"https:\/\/cooperativaredloslagos.cl\/wp-json\/wp\/v2\/categories?post=5321"},{"taxonomy":"post_tag","embeddable":true,"href":"https:\/\/cooperativaredloslagos.cl\/wp-json\/wp\/v2\/tags?post=5321"}],"curies":[{"name":"wp","href":"https:\/\/api.w.org\/{rel}","templated":true}]}}