{"id":5325,"date":"2026-04-06T14:11:17","date_gmt":"2026-04-06T18:11:17","guid":{"rendered":"https:\/\/cooperativaredloslagos.cl\/?p=5325"},"modified":"2026-04-06T14:11:18","modified_gmt":"2026-04-06T18:11:18","slug":"dos-venezolanos-fueron-detenidos-tras-secuestro-y-persecucion-policial-en-alerce","status":"publish","type":"post","link":"https:\/\/cooperativaredloslagos.cl\/2026\/04\/06\/dos-venezolanos-fueron-detenidos-tras-secuestro-y-persecucion-policial-en-alerce\/","title":{"rendered":"Dos venezolanos fueron detenidos tras secuestro y persecuci\u00f3n policial en Alerce"},"content":{"rendered":"\n<p>Nuevos antecedentes surgieron respecto al secuestro que afect\u00f3 a dos personas en el sector de Alerce, en la comuna de Puerto Montt, hecho que termin\u00f3 con dos detenidos tras un amplio operativo policial.<\/p>\n\n\n\n<p>De acuerdo con la informaci\u00f3n recopilada, las v\u00edctimas se encontraban en unas caba\u00f1as del sector cuando fueron retenidas por dos individuos. En medio de la situaci\u00f3n, una de ellas logr\u00f3 escapar del lugar y alertar a Carabineros, entregando antecedentes clave para activar el procedimiento.<\/p>\n\n\n\n<p>Con estos datos, personal policial inici\u00f3 un despliegue en la zona, logrando ubicar a los sospechosos. Al percatarse de la presencia de Carabineros, los sujetos intentaron darse a la fuga, lo que dio paso a una persecuci\u00f3n que se extendi\u00f3 por distintos puntos de Puerto Montt.<\/p>\n\n\n\n<p>Finalmente, ambos fueron interceptados y detenidos. Se estableci\u00f3 que se trata de ciudadanos de nacionalidad venezolana, quienes adem\u00e1s manten\u00edan \u00f3rdenes de expulsi\u00f3n vigentes del pa\u00eds.<\/p>\n\n\n\n<p>La investigaci\u00f3n qued\u00f3 en manos del Equipo de Crimen Organizado y Homicidios (ECOH) de la Fiscal\u00eda local, con apoyo especializado de la secci\u00f3n OS-9 y del Laboratorio de Criminal\u00edstica (Labocar), quienes contin\u00faan desarrollando diligencias para esclarecer completamente lo ocurrido.<\/p>\n\n\n\n<p>En tanto, los detenidos fueron puestos a disposici\u00f3n de la justicia y pasar\u00e1n al control de la detenci\u00f3n durante la jornada de este lunes en el Juzgado de Garant\u00eda de Puerto Montt.<\/p>\n","protected":false},"excerpt":{"rendered":"<p>Nuevos antecedentes surgieron respecto al secuestro que afect\u00f3 a dos personas en el sector de Alerce, en la comuna de Puerto Montt, hecho que termin\u00f3 [&hellip;]<\/p>\n","protected":false},"author":4,"featured_media":5326,"comment_status":"closed","ping_status":"closed","sticky":false,"template":"","format":"standard","meta":{"_monsterinsights_skip_tracking":false,"_monsterinsights_sitenote_active":false,"_monsterinsights_sitenote_note":"","_monsterinsights_sitenote_category":0,"footnotes":""},"categories":[28,15],"tags":[],"class_list":["post-5325","post","type-post","status-publish","format-standard","has-post-thumbnail","hentry","category-policial","category-regional"],"_links":{"self":[{"href":"https:\/\/cooperativaredloslagos.cl\/wp-json\/wp\/v2\/posts\/5325","targetHints":{"allow":["GET"]}}],"collection":[{"href":"https:\/\/cooperativaredloslagos.cl\/wp-json\/wp\/v2\/posts"}],"about":[{"href":"https:\/\/cooperativaredloslagos.cl\/wp-json\/wp\/v2\/types\/post"}],"author":[{"embeddable":true,"href":"https:\/\/cooperativaredloslagos.cl\/wp-json\/wp\/v2\/users\/4"}],"replies":[{"embeddable":true,"href":"https:\/\/cooperativaredloslagos.cl\/wp-json\/wp\/v2\/comments?post=5325"}],"version-history":[{"count":1,"href":"https:\/\/cooperativaredloslagos.cl\/wp-json\/wp\/v2\/posts\/5325\/revisions"}],"predecessor-version":[{"id":5327,"href":"https:\/\/cooperativaredloslagos.cl\/wp-json\/wp\/v2\/posts\/5325\/revisions\/5327"}],"wp:featuredmedia":[{"embeddable":true,"href":"https:\/\/cooperativaredloslagos.cl\/wp-json\/wp\/v2\/media\/5326"}],"wp:attachment":[{"href":"https:\/\/cooperativaredloslagos.cl\/wp-json\/wp\/v2\/media?parent=5325"}],"wp:term":[{"taxonomy":"category","embeddable":true,"href":"https:\/\/cooperativaredloslagos.cl\/wp-json\/wp\/v2\/categories?post=5325"},{"taxonomy":"post_tag","embeddable":true,"href":"https:\/\/cooperativaredloslagos.cl\/wp-json\/wp\/v2\/tags?post=5325"}],"curies":[{"name":"wp","href":"https:\/\/api.w.org\/{rel}","templated":true}]}}