{"id":5331,"date":"2026-04-06T14:31:05","date_gmt":"2026-04-06T18:31:05","guid":{"rendered":"https:\/\/cooperativaredloslagos.cl\/?p=5331"},"modified":"2026-04-06T14:31:07","modified_gmt":"2026-04-06T18:31:07","slug":"tres-detenidos-por-millonario-robo-en-tienda-victorinox-del-mall-costanera-de-puerto-montt","status":"publish","type":"post","link":"https:\/\/cooperativaredloslagos.cl\/2026\/04\/06\/tres-detenidos-por-millonario-robo-en-tienda-victorinox-del-mall-costanera-de-puerto-montt\/","title":{"rendered":"Tres detenidos por millonario robo en tienda Victorinox del Mall Costanera de Puerto Montt"},"content":{"rendered":"\n<p>Durante la madrugada de este lunes, personal de Carabineros de Chile concret\u00f3 la detenci\u00f3n de tres individuos por su participaci\u00f3n en un robo al interior del Mall Costanera de Puerto Montt.<\/p>\n\n\n\n<p>De acuerdo a lo informado por el mayor R\u00f3binson Sandoval, el procedimiento se origin\u00f3 pasadas las 03:00 horas, luego de que se recibiera un aviso sobre la presencia de un grupo de sujetos que estar\u00eda cometiendo un delito dentro del recinto comercial.<\/p>\n\n\n\n<p>Al llegar al lugar, los funcionarios policiales verificaron la informaci\u00f3n proporcionada y, con apoyo de guardias de seguridad del mall, lograron identificar a los individuos sindicados como autores del il\u00edcito, quienes momentos antes hab\u00edan ingresado a una tienda comercial ubicada en el cuarto piso.<\/p>\n\n\n\n<p>El robo afect\u00f3 a la tienda Victorinox, desde donde los sujetos sustrajeron diversas especies, principalmente relojes y navajas de alta gama. Seg\u00fan lo se\u00f1alado por la v\u00edctima, el aval\u00fao de las especies recuperadas bordea los 50 millones de pesos.<\/p>\n\n\n\n<p>Carabineros procedi\u00f3 a la detenci\u00f3n de los tres involucrados en el lugar. Adem\u00e1s, se inform\u00f3 que uno de ellos manten\u00eda tres \u00f3rdenes de aprehensi\u00f3n vigentes.<\/p>\n\n\n\n<p>Por instrucci\u00f3n del Ministerio P\u00fablico, los imputados fueron puestos a disposici\u00f3n de la justicia para su respectiva audiencia de control de detenci\u00f3n durante la jornada de este lunes.<\/p>\n","protected":false},"excerpt":{"rendered":"<p>Durante la madrugada de este lunes, personal de Carabineros de Chile concret\u00f3 la detenci\u00f3n de tres individuos por su participaci\u00f3n en un robo al interior [&hellip;]<\/p>\n","protected":false},"author":4,"featured_media":5333,"comment_status":"closed","ping_status":"closed","sticky":false,"template":"","format":"standard","meta":{"_monsterinsights_skip_tracking":false,"_monsterinsights_sitenote_active":false,"_monsterinsights_sitenote_note":"","_monsterinsights_sitenote_category":0,"footnotes":""},"categories":[28,15],"tags":[],"class_list":["post-5331","post","type-post","status-publish","format-standard","has-post-thumbnail","hentry","category-policial","category-regional"],"_links":{"self":[{"href":"https:\/\/cooperativaredloslagos.cl\/wp-json\/wp\/v2\/posts\/5331","targetHints":{"allow":["GET"]}}],"collection":[{"href":"https:\/\/cooperativaredloslagos.cl\/wp-json\/wp\/v2\/posts"}],"about":[{"href":"https:\/\/cooperativaredloslagos.cl\/wp-json\/wp\/v2\/types\/post"}],"author":[{"embeddable":true,"href":"https:\/\/cooperativaredloslagos.cl\/wp-json\/wp\/v2\/users\/4"}],"replies":[{"embeddable":true,"href":"https:\/\/cooperativaredloslagos.cl\/wp-json\/wp\/v2\/comments?post=5331"}],"version-history":[{"count":1,"href":"https:\/\/cooperativaredloslagos.cl\/wp-json\/wp\/v2\/posts\/5331\/revisions"}],"predecessor-version":[{"id":5334,"href":"https:\/\/cooperativaredloslagos.cl\/wp-json\/wp\/v2\/posts\/5331\/revisions\/5334"}],"wp:featuredmedia":[{"embeddable":true,"href":"https:\/\/cooperativaredloslagos.cl\/wp-json\/wp\/v2\/media\/5333"}],"wp:attachment":[{"href":"https:\/\/cooperativaredloslagos.cl\/wp-json\/wp\/v2\/media?parent=5331"}],"wp:term":[{"taxonomy":"category","embeddable":true,"href":"https:\/\/cooperativaredloslagos.cl\/wp-json\/wp\/v2\/categories?post=5331"},{"taxonomy":"post_tag","embeddable":true,"href":"https:\/\/cooperativaredloslagos.cl\/wp-json\/wp\/v2\/tags?post=5331"}],"curies":[{"name":"wp","href":"https:\/\/api.w.org\/{rel}","templated":true}]}}