{"id":5335,"date":"2026-04-06T18:25:02","date_gmt":"2026-04-06T22:25:02","guid":{"rendered":"https:\/\/cooperativaredloslagos.cl\/?p=5335"},"modified":"2026-04-06T18:25:03","modified_gmt":"2026-04-06T22:25:03","slug":"designan-a-nuevo-seremi-de-educacion-en-la-region-de-los-lagos","status":"publish","type":"post","link":"https:\/\/cooperativaredloslagos.cl\/2026\/04\/06\/designan-a-nuevo-seremi-de-educacion-en-la-region-de-los-lagos\/","title":{"rendered":"Designan a nuevo Seremi de Educaci\u00f3n en la regi\u00f3n de Los Lagos"},"content":{"rendered":"\n<p>El Ingeniero en Administraci\u00f3n de Empresas, Dalmiro Y\u00e1\u00f1ez Mart\u00ednez (51 a\u00f1os, militante de Renovaci\u00f3n Nacional) asumi\u00f3 este lunes 06 de abril como Secretario Regional Ministerial de Educaci\u00f3n, asumiendo inmediatamente sus funciones, en reemplazo de Patricia Dinamarca, quien sali\u00f3 en medio de cuestionamientos por su eventual apoyo a los movimientos sociales durante el estallido social, aunque la ex autoridad asegur\u00f3 que fue un hackeo inform\u00e1tico.<\/p>\n\n\n\n<p>El nuevo SEREMI se reuni\u00f3 con el Delegado Presidencial Regional Cristi\u00e1n Palma Vald\u00e9s, quien junto con darle la bienvenida, le encarg\u00f3 iniciar el di\u00e1logo con las distintas comunidades educativas de la regi\u00f3n para la implementaci\u00f3n de la nueva Ley N.\u00ba 21.809 de Convivencia, Buen Trato y Bienestar escolar , que busca prevenir y erradicar la violencia y acoso en los establecimientos educacionales.<\/p>\n\n\n\n<p>El perfil profesional de la nueva autoridad regional del MINEDUC en la regi\u00f3n de Los Lagos suma Diplomados en Gesti\u00f3n de Instituciones P\u00fablicas; y en Normativa y Gesti\u00f3n Municipal; contando con amplia experiencia en direcci\u00f3n y gesti\u00f3n p\u00fablica. De hecho, fue designado por la Alta Direcci\u00f3n P\u00fablica como Director Regional del Instituto de Previsi\u00f3n Social, entre los a\u00f1os 2020 y 2023.<\/p>\n\n\n\n<p>Antes de asumir como Seremi de Educaci\u00f3n, Dalmiro Y\u00e1\u00f1ez se desempe\u00f1\u00f3 como subdirector administrativo del Departamento de Salud de la Municipalidad de Puerto Montt.<\/p>\n","protected":false},"excerpt":{"rendered":"<p>El Ingeniero en Administraci\u00f3n de Empresas, Dalmiro Y\u00e1\u00f1ez Mart\u00ednez (51 a\u00f1os, militante de Renovaci\u00f3n Nacional) asumi\u00f3 este lunes 06 de abril como Secretario Regional Ministerial [&hellip;]<\/p>\n","protected":false},"author":4,"featured_media":5336,"comment_status":"closed","ping_status":"closed","sticky":false,"template":"","format":"standard","meta":{"_monsterinsights_skip_tracking":false,"_monsterinsights_sitenote_active":false,"_monsterinsights_sitenote_note":"","_monsterinsights_sitenote_category":0,"footnotes":""},"categories":[6,15],"tags":[],"class_list":["post-5335","post","type-post","status-publish","format-standard","has-post-thumbnail","hentry","category-politics","category-regional"],"_links":{"self":[{"href":"https:\/\/cooperativaredloslagos.cl\/wp-json\/wp\/v2\/posts\/5335","targetHints":{"allow":["GET"]}}],"collection":[{"href":"https:\/\/cooperativaredloslagos.cl\/wp-json\/wp\/v2\/posts"}],"about":[{"href":"https:\/\/cooperativaredloslagos.cl\/wp-json\/wp\/v2\/types\/post"}],"author":[{"embeddable":true,"href":"https:\/\/cooperativaredloslagos.cl\/wp-json\/wp\/v2\/users\/4"}],"replies":[{"embeddable":true,"href":"https:\/\/cooperativaredloslagos.cl\/wp-json\/wp\/v2\/comments?post=5335"}],"version-history":[{"count":1,"href":"https:\/\/cooperativaredloslagos.cl\/wp-json\/wp\/v2\/posts\/5335\/revisions"}],"predecessor-version":[{"id":5337,"href":"https:\/\/cooperativaredloslagos.cl\/wp-json\/wp\/v2\/posts\/5335\/revisions\/5337"}],"wp:featuredmedia":[{"embeddable":true,"href":"https:\/\/cooperativaredloslagos.cl\/wp-json\/wp\/v2\/media\/5336"}],"wp:attachment":[{"href":"https:\/\/cooperativaredloslagos.cl\/wp-json\/wp\/v2\/media?parent=5335"}],"wp:term":[{"taxonomy":"category","embeddable":true,"href":"https:\/\/cooperativaredloslagos.cl\/wp-json\/wp\/v2\/categories?post=5335"},{"taxonomy":"post_tag","embeddable":true,"href":"https:\/\/cooperativaredloslagos.cl\/wp-json\/wp\/v2\/tags?post=5335"}],"curies":[{"name":"wp","href":"https:\/\/api.w.org\/{rel}","templated":true}]}}