{"id":5338,"date":"2026-04-06T18:53:24","date_gmt":"2026-04-06T22:53:24","guid":{"rendered":"https:\/\/cooperativaredloslagos.cl\/?p=5338"},"modified":"2026-04-06T18:53:26","modified_gmt":"2026-04-06T22:53:26","slug":"detuvieron-a-ex-alumno-que-ingreso-a-liceo-con-objeto-contundente-y-amenazo-a-directora-en-puerto-montt","status":"publish","type":"post","link":"https:\/\/cooperativaredloslagos.cl\/2026\/04\/06\/detuvieron-a-ex-alumno-que-ingreso-a-liceo-con-objeto-contundente-y-amenazo-a-directora-en-puerto-montt\/","title":{"rendered":"Detuvieron a ex alumno que ingres\u00f3 a liceo con objeto contundente y amenaz\u00f3 a directora en Puerto Montt"},"content":{"rendered":"\n<p>Un confuso y tenso episodio se registr\u00f3 durante la tarde de este lunes en el Liceo Polit\u00e9cnico de Puerto Montt, cuando un ex estudiante irrumpi\u00f3 en el recinto, lo que gener\u00f3 preocupaci\u00f3n entre la comunidad educativa.<\/p>\n\n\n\n<p>Seg\u00fan antecedentes preliminares, el joven ingres\u00f3 al establecimiento portando un objeto contundente, con el que habr\u00eda intimidado a la directora y a otros funcionarios presentes. La situaci\u00f3n provoc\u00f3 momentos de inquietud, especialmente entre estudiantes que se encontraban saliendo del lugar.<\/p>\n\n\n\n<p>Durante el incidente, el sujeto tambi\u00e9n habr\u00eda causado da\u00f1os en dependencias del liceo, lo que oblig\u00f3 a activar protocolos de seguridad, con el llamado respectivo a carabineros.<\/p>\n\n\n\n<p>Los uniformados acudieron r\u00e1pidamente al lugar, logrando la detenci\u00f3n del involucrado con apoyo de personal municipal, sin mayor resistencia. <\/p>\n\n\n\n<p>El caso fue puesto en manos de las autoridades competentes, quienes determinar\u00e1n las acciones legales a seguir. Se espera que pase por el control de la detenci\u00f3n durante la jornada de ma\u00f1ana, instancia en la que deber\u00edan determinarse las medidas cautelares correspondientes.<\/p>\n","protected":false},"excerpt":{"rendered":"<p>Un confuso y tenso episodio se registr\u00f3 durante la tarde de este lunes en el Liceo Polit\u00e9cnico de Puerto Montt, cuando un ex estudiante irrumpi\u00f3 [&hellip;]<\/p>\n","protected":false},"author":4,"featured_media":5339,"comment_status":"closed","ping_status":"closed","sticky":false,"template":"","format":"standard","meta":{"_monsterinsights_skip_tracking":false,"_monsterinsights_sitenote_active":false,"_monsterinsights_sitenote_note":"","_monsterinsights_sitenote_category":0,"footnotes":""},"categories":[28,15],"tags":[],"class_list":["post-5338","post","type-post","status-publish","format-standard","has-post-thumbnail","hentry","category-policial","category-regional"],"_links":{"self":[{"href":"https:\/\/cooperativaredloslagos.cl\/wp-json\/wp\/v2\/posts\/5338","targetHints":{"allow":["GET"]}}],"collection":[{"href":"https:\/\/cooperativaredloslagos.cl\/wp-json\/wp\/v2\/posts"}],"about":[{"href":"https:\/\/cooperativaredloslagos.cl\/wp-json\/wp\/v2\/types\/post"}],"author":[{"embeddable":true,"href":"https:\/\/cooperativaredloslagos.cl\/wp-json\/wp\/v2\/users\/4"}],"replies":[{"embeddable":true,"href":"https:\/\/cooperativaredloslagos.cl\/wp-json\/wp\/v2\/comments?post=5338"}],"version-history":[{"count":1,"href":"https:\/\/cooperativaredloslagos.cl\/wp-json\/wp\/v2\/posts\/5338\/revisions"}],"predecessor-version":[{"id":5340,"href":"https:\/\/cooperativaredloslagos.cl\/wp-json\/wp\/v2\/posts\/5338\/revisions\/5340"}],"wp:featuredmedia":[{"embeddable":true,"href":"https:\/\/cooperativaredloslagos.cl\/wp-json\/wp\/v2\/media\/5339"}],"wp:attachment":[{"href":"https:\/\/cooperativaredloslagos.cl\/wp-json\/wp\/v2\/media?parent=5338"}],"wp:term":[{"taxonomy":"category","embeddable":true,"href":"https:\/\/cooperativaredloslagos.cl\/wp-json\/wp\/v2\/categories?post=5338"},{"taxonomy":"post_tag","embeddable":true,"href":"https:\/\/cooperativaredloslagos.cl\/wp-json\/wp\/v2\/tags?post=5338"}],"curies":[{"name":"wp","href":"https:\/\/api.w.org\/{rel}","templated":true}]}}