{"id":5341,"date":"2026-04-07T07:06:49","date_gmt":"2026-04-07T11:06:49","guid":{"rendered":"https:\/\/cooperativaredloslagos.cl\/?p=5341"},"modified":"2026-04-07T07:06:50","modified_gmt":"2026-04-07T11:06:50","slug":"sernapesca-anuncio-que-prepara-denuncia-por-muerte-de-ballena-en-chiloe","status":"publish","type":"post","link":"https:\/\/cooperativaredloslagos.cl\/2026\/04\/07\/sernapesca-anuncio-que-prepara-denuncia-por-muerte-de-ballena-en-chiloe\/","title":{"rendered":"Sernapesca anunci\u00f3 que prepara denuncia por muerte de ballena en Chilo\u00e9"},"content":{"rendered":"\n<p>Durante el fin de semana, personal del Servicio Nacional de Pesca y Acuicultura (Sernapesca) de la oficina de Castro fue alertado por la presencia de una ballena jorobada (Megaptera novaeangliae) que habr\u00eda varado muerta en el sector Huentemo, Chonchi.<\/p>\n\n\n\n<p>El equipo de turno de Sernapesca fue a verificar lo denunciado, pudiendo corroborar que se trataba de un ejemplar juvenil de 10,5 metros, hembra, y que ten\u00eda una cantidad considerable de cabos enredados en la aleta caudal.<\/p>\n\n\n\n<p>Desde Sernapesca se coordin\u00f3 el traslado de cient\u00edficos expertos de la Universidad Austral de Chile y Universidad San Sebasti\u00e1n, encabezados por el Dr. Luis Miguel Flores, quienes realizaron la necropsia correspondiente y tomaron numerosas muestras para estudios posteriores.<\/p>\n\n\n\n<p>Cristian Hudson, director regional de Sernapesca en Los Lagos, coment\u00f3 que \u201cdesde Sernapesca estamos compilando todos los antecedentes para ser presentados ante el Ministerio P\u00fablico con el fin de investigar a fondo el hecho, el cual presumiblemente se debe a una interacci\u00f3n con actividades humanas.\u201d<\/p>\n\n\n\n<p>Finalmente, se coordin\u00f3 con la Municipalidad de Chonchi la inhumaci\u00f3n del animal durante los pr\u00f3ximos d\u00edas, la que ser\u00e1 georreferenciada para resguardar los restos de la ballena, los que est\u00e1n protegidos por ley.<\/p>\n","protected":false},"excerpt":{"rendered":"<p>Durante el fin de semana, personal del Servicio Nacional de Pesca y Acuicultura (Sernapesca) de la oficina de Castro fue alertado por la presencia de [&hellip;]<\/p>\n","protected":false},"author":4,"featured_media":5342,"comment_status":"closed","ping_status":"closed","sticky":false,"template":"","format":"standard","meta":{"_monsterinsights_skip_tracking":false,"_monsterinsights_sitenote_active":false,"_monsterinsights_sitenote_note":"","_monsterinsights_sitenote_category":0,"footnotes":""},"categories":[29,41],"tags":[],"class_list":["post-5341","post","type-post","status-publish","format-standard","has-post-thumbnail","hentry","category-chiloe","category-judicial"],"_links":{"self":[{"href":"https:\/\/cooperativaredloslagos.cl\/wp-json\/wp\/v2\/posts\/5341","targetHints":{"allow":["GET"]}}],"collection":[{"href":"https:\/\/cooperativaredloslagos.cl\/wp-json\/wp\/v2\/posts"}],"about":[{"href":"https:\/\/cooperativaredloslagos.cl\/wp-json\/wp\/v2\/types\/post"}],"author":[{"embeddable":true,"href":"https:\/\/cooperativaredloslagos.cl\/wp-json\/wp\/v2\/users\/4"}],"replies":[{"embeddable":true,"href":"https:\/\/cooperativaredloslagos.cl\/wp-json\/wp\/v2\/comments?post=5341"}],"version-history":[{"count":1,"href":"https:\/\/cooperativaredloslagos.cl\/wp-json\/wp\/v2\/posts\/5341\/revisions"}],"predecessor-version":[{"id":5343,"href":"https:\/\/cooperativaredloslagos.cl\/wp-json\/wp\/v2\/posts\/5341\/revisions\/5343"}],"wp:featuredmedia":[{"embeddable":true,"href":"https:\/\/cooperativaredloslagos.cl\/wp-json\/wp\/v2\/media\/5342"}],"wp:attachment":[{"href":"https:\/\/cooperativaredloslagos.cl\/wp-json\/wp\/v2\/media?parent=5341"}],"wp:term":[{"taxonomy":"category","embeddable":true,"href":"https:\/\/cooperativaredloslagos.cl\/wp-json\/wp\/v2\/categories?post=5341"},{"taxonomy":"post_tag","embeddable":true,"href":"https:\/\/cooperativaredloslagos.cl\/wp-json\/wp\/v2\/tags?post=5341"}],"curies":[{"name":"wp","href":"https:\/\/api.w.org\/{rel}","templated":true}]}}