{"id":5344,"date":"2026-04-07T07:13:24","date_gmt":"2026-04-07T11:13:24","guid":{"rendered":"https:\/\/cooperativaredloslagos.cl\/?p=5344"},"modified":"2026-04-07T07:13:26","modified_gmt":"2026-04-07T11:13:26","slug":"fiscalia-de-puerto-montt-amplio-detencion-de-imputados-por-secuestros-en-puerto-montt","status":"publish","type":"post","link":"https:\/\/cooperativaredloslagos.cl\/2026\/04\/07\/fiscalia-de-puerto-montt-amplio-detencion-de-imputados-por-secuestros-en-puerto-montt\/","title":{"rendered":"Fiscal\u00eda de Puerto Montt ampli\u00f3 detenci\u00f3n de imputados por secuestros en Puerto Montt"},"content":{"rendered":"\n<p>La Fiscal\u00eda de Puerto Montt solicit\u00f3 ampliar por 48 horas la formalizaci\u00f3n de dos imputados, quienes fueron detenidos por su eventual participaci\u00f3n en dos delitos de secuestro ocurridos en el sector de Alerce, en la comuna.<\/p>\n\n\n\n<p>La investigaci\u00f3n es liderada por el Equipo de Crimen Organizado y Homicidios de la Fiscal\u00eda Regional de Los Lagos, en coordinaci\u00f3n con Carabineros, quienes desarrollan diversas diligencias para esclarecer los hechos y determinar responsabilidades.<\/p>\n\n\n\n<p>Sobre esta solicitud se refiri\u00f3 el fiscal de Puerto Montt, Joaqu\u00edn Y\u00e1\u00f1ez, quien explic\u00f3 que la ampliaci\u00f3n del plazo busca reunir mayores antecedentes antes de la formalizaci\u00f3n de los detenidos.<\/p>\n\n\n\n<p>Recordemos que las v\u00edctimas se encontraban en unas caba\u00f1as del sector cuando fueron retenidas por dos individuos. En medio de la situaci\u00f3n, una de ellas logr\u00f3 escapar del lugar y alertar a Carabineros, entregando antecedentes clave para activar el procedimiento.<\/p>\n\n\n\n<p>Con estos datos, personal policial inici\u00f3 un despliegue en la zona, logrando ubicar a los sospechosos. Al percatarse de la presencia de Carabineros, los sujetos intentaron darse a la fuga, lo que dio paso a una persecuci\u00f3n que se extendi\u00f3 por distintos puntos de Puerto Montt.<\/p>\n\n\n\n<p>Finalmente, ambos fueron interceptados y detenidos. Se estableci\u00f3 que se trata de ciudadanos de nacionalidad venezolana, quienes adem\u00e1s manten\u00edan \u00f3rdenes de expulsi\u00f3n vigentes del pa\u00eds.<\/p>\n","protected":false},"excerpt":{"rendered":"<p>La Fiscal\u00eda de Puerto Montt solicit\u00f3 ampliar por 48 horas la formalizaci\u00f3n de dos imputados, quienes fueron detenidos por su eventual participaci\u00f3n en dos delitos [&hellip;]<\/p>\n","protected":false},"author":4,"featured_media":5345,"comment_status":"closed","ping_status":"closed","sticky":false,"template":"","format":"standard","meta":{"_monsterinsights_skip_tracking":false,"_monsterinsights_sitenote_active":false,"_monsterinsights_sitenote_note":"","_monsterinsights_sitenote_category":0,"footnotes":""},"categories":[41,15],"tags":[],"class_list":["post-5344","post","type-post","status-publish","format-standard","has-post-thumbnail","hentry","category-judicial","category-regional"],"_links":{"self":[{"href":"https:\/\/cooperativaredloslagos.cl\/wp-json\/wp\/v2\/posts\/5344","targetHints":{"allow":["GET"]}}],"collection":[{"href":"https:\/\/cooperativaredloslagos.cl\/wp-json\/wp\/v2\/posts"}],"about":[{"href":"https:\/\/cooperativaredloslagos.cl\/wp-json\/wp\/v2\/types\/post"}],"author":[{"embeddable":true,"href":"https:\/\/cooperativaredloslagos.cl\/wp-json\/wp\/v2\/users\/4"}],"replies":[{"embeddable":true,"href":"https:\/\/cooperativaredloslagos.cl\/wp-json\/wp\/v2\/comments?post=5344"}],"version-history":[{"count":1,"href":"https:\/\/cooperativaredloslagos.cl\/wp-json\/wp\/v2\/posts\/5344\/revisions"}],"predecessor-version":[{"id":5346,"href":"https:\/\/cooperativaredloslagos.cl\/wp-json\/wp\/v2\/posts\/5344\/revisions\/5346"}],"wp:featuredmedia":[{"embeddable":true,"href":"https:\/\/cooperativaredloslagos.cl\/wp-json\/wp\/v2\/media\/5345"}],"wp:attachment":[{"href":"https:\/\/cooperativaredloslagos.cl\/wp-json\/wp\/v2\/media?parent=5344"}],"wp:term":[{"taxonomy":"category","embeddable":true,"href":"https:\/\/cooperativaredloslagos.cl\/wp-json\/wp\/v2\/categories?post=5344"},{"taxonomy":"post_tag","embeddable":true,"href":"https:\/\/cooperativaredloslagos.cl\/wp-json\/wp\/v2\/tags?post=5344"}],"curies":[{"name":"wp","href":"https:\/\/api.w.org\/{rel}","templated":true}]}}