{"id":5347,"date":"2026-04-07T07:20:16","date_gmt":"2026-04-07T11:20:16","guid":{"rendered":"https:\/\/cooperativaredloslagos.cl\/?p=5347"},"modified":"2026-04-07T07:20:17","modified_gmt":"2026-04-07T11:20:17","slug":"bajo-la-produccion-de-carne-bovina-en-las-regiones-de-los-rios-y-los-lagos","status":"publish","type":"post","link":"https:\/\/cooperativaredloslagos.cl\/2026\/04\/07\/bajo-la-produccion-de-carne-bovina-en-las-regiones-de-los-rios-y-los-lagos\/","title":{"rendered":"Baj\u00f3 la producci\u00f3n de carne bovina en las regiones de los R\u00edos y Los Lagos"},"content":{"rendered":"\n<p>La producci\u00f3n de carne bovina en las regiones de Los R\u00edos y Los Lagos registr\u00f3 una leve ca\u00edda en febrero de 2026, seg\u00fan el \u00faltimo bolet\u00edn del Instituto Nacional de Estad\u00edsticas (INE). El volumen total alcanz\u00f3 las 6.044 toneladas, marcando un descenso interanual de 1,4%.<\/p>\n\n\n\n<p>El beneficio de ganado bovino en ambas regiones tambi\u00e9n present\u00f3 cifras negativas durante este periodo. El reporte oficial detalla el sacrificio de 22.425 cabezas en los distintos mataderos locales. Esto representa una contracci\u00f3n del 5,9% en comparaci\u00f3n con febrero del a\u00f1o anterior.<\/p>\n\n\n\n<p>La baja en el procesamiento fue impulsada principalmente por la menor participaci\u00f3n de hembras en la faena. El documento especific\u00f3 que el decrecimiento se gener\u00f3 por descensos significativos en las categor\u00edas de vaquillas, con un 24,0%, y vacas gordas, que cayeron un 20,6%.<\/p>\n\n\n\n<p>Pese a estas disminuciones, la macrozona sur mantiene su fuerte liderazgo en la industria c\u00e1rnica del pa\u00eds. La agrupaci\u00f3n de Los R\u00edos y Los Lagos concentr\u00f3 el 39,5% del beneficio total nacional y lider\u00f3 la producci\u00f3n de carne en vara aportando un 39,7%.<\/p>\n\n\n\n<p>En contraste con los mataderos, la actividad de remate en ferias ganaderas mostr\u00f3 un comportamiento positivo. Las transacciones en las regiones de Los Lagos y Ays\u00e9n sumaron 22.498 cabezas bovinas. Esta cifra refleja un crecimiento interanual de 2,6%, fuertemente impulsado por los terneros.<\/p>\n","protected":false},"excerpt":{"rendered":"<p>La producci\u00f3n de carne bovina en las regiones de Los R\u00edos y Los Lagos registr\u00f3 una leve ca\u00edda en febrero de 2026, seg\u00fan el \u00faltimo [&hellip;]<\/p>\n","protected":false},"author":4,"featured_media":5348,"comment_status":"closed","ping_status":"closed","sticky":false,"template":"","format":"standard","meta":{"_monsterinsights_skip_tracking":false,"_monsterinsights_sitenote_active":false,"_monsterinsights_sitenote_note":"","_monsterinsights_sitenote_category":0,"footnotes":""},"categories":[3,15],"tags":[],"class_list":["post-5347","post","type-post","status-publish","format-standard","has-post-thumbnail","hentry","category-economy","category-regional"],"_links":{"self":[{"href":"https:\/\/cooperativaredloslagos.cl\/wp-json\/wp\/v2\/posts\/5347","targetHints":{"allow":["GET"]}}],"collection":[{"href":"https:\/\/cooperativaredloslagos.cl\/wp-json\/wp\/v2\/posts"}],"about":[{"href":"https:\/\/cooperativaredloslagos.cl\/wp-json\/wp\/v2\/types\/post"}],"author":[{"embeddable":true,"href":"https:\/\/cooperativaredloslagos.cl\/wp-json\/wp\/v2\/users\/4"}],"replies":[{"embeddable":true,"href":"https:\/\/cooperativaredloslagos.cl\/wp-json\/wp\/v2\/comments?post=5347"}],"version-history":[{"count":1,"href":"https:\/\/cooperativaredloslagos.cl\/wp-json\/wp\/v2\/posts\/5347\/revisions"}],"predecessor-version":[{"id":5349,"href":"https:\/\/cooperativaredloslagos.cl\/wp-json\/wp\/v2\/posts\/5347\/revisions\/5349"}],"wp:featuredmedia":[{"embeddable":true,"href":"https:\/\/cooperativaredloslagos.cl\/wp-json\/wp\/v2\/media\/5348"}],"wp:attachment":[{"href":"https:\/\/cooperativaredloslagos.cl\/wp-json\/wp\/v2\/media?parent=5347"}],"wp:term":[{"taxonomy":"category","embeddable":true,"href":"https:\/\/cooperativaredloslagos.cl\/wp-json\/wp\/v2\/categories?post=5347"},{"taxonomy":"post_tag","embeddable":true,"href":"https:\/\/cooperativaredloslagos.cl\/wp-json\/wp\/v2\/tags?post=5347"}],"curies":[{"name":"wp","href":"https:\/\/api.w.org\/{rel}","templated":true}]}}