{"id":5350,"date":"2026-04-07T07:42:26","date_gmt":"2026-04-07T11:42:26","guid":{"rendered":"https:\/\/cooperativaredloslagos.cl\/?p=5350"},"modified":"2026-04-07T07:42:27","modified_gmt":"2026-04-07T11:42:27","slug":"puerto-montt-autoridades-garantizan-normalidad-en-el-desarrollo-de-clases-en-el-liceo-de-hombres","status":"publish","type":"post","link":"https:\/\/cooperativaredloslagos.cl\/2026\/04\/07\/puerto-montt-autoridades-garantizan-normalidad-en-el-desarrollo-de-clases-en-el-liceo-de-hombres\/","title":{"rendered":"Puerto Montt: Autoridades garantizan normalidad en el desarrollo de clases en el Liceo de Hombres"},"content":{"rendered":"\n<p>El Departamento de Administraci\u00f3n de Educaci\u00f3n Municipal (DAEM) y la Direcci\u00f3n de Seguridad P\u00fablica Municipal convocaron una mesa de trabajo interinstitucional en el Liceo de Hombres Manuel Montt, para adoptar medidas que garanticen la seguridad de la comunidad escolar y, con ello, mantener las clases en forma regular.<\/p>\n\n\n\n<p>Luego que la semana pasada surgieran amenazas de un eventual tiroteo para este martes 7, se reuni\u00f3 el equipo directivo del establecimiento, la Unidad Psicosocial y de Convivencia Educativa del DAEM con apoyo jur\u00eddico, el Departamento Provincial de Educaci\u00f3n Llanquihue, Carabineros de Chile, el Programa Habilidades para la Vida 3 y la presidenta del Centro de Padres, Madres y Apoderados.<\/p>\n\n\n\n<p>\u201cLo m\u00e1s importante que tenemos son nuestros estudiantes y estamos trabajando para que las familias sigan confiando en nuestra educaci\u00f3n\u201d, se\u00f1al\u00f3 Faustino Villagra Santana, jefe subrogante del DAEM Puerto Montt.<\/p>\n\n\n\n<p>La reuni\u00f3n abord\u00f3 la contingencia inmediata y la proyecci\u00f3n de un protocolo de trabajo permanente orientado a la prevenci\u00f3n.<\/p>\n","protected":false},"excerpt":{"rendered":"<p>El Departamento de Administraci\u00f3n de Educaci\u00f3n Municipal (DAEM) y la Direcci\u00f3n de Seguridad P\u00fablica Municipal convocaron una mesa de trabajo interinstitucional en el Liceo de [&hellip;]<\/p>\n","protected":false},"author":4,"featured_media":5351,"comment_status":"closed","ping_status":"closed","sticky":false,"template":"","format":"standard","meta":{"_monsterinsights_skip_tracking":false,"_monsterinsights_sitenote_active":false,"_monsterinsights_sitenote_note":"","_monsterinsights_sitenote_category":0,"footnotes":""},"categories":[27,17],"tags":[],"class_list":["post-5350","post","type-post","status-publish","format-standard","has-post-thumbnail","hentry","category-educacion","category-puerto-montt"],"_links":{"self":[{"href":"https:\/\/cooperativaredloslagos.cl\/wp-json\/wp\/v2\/posts\/5350","targetHints":{"allow":["GET"]}}],"collection":[{"href":"https:\/\/cooperativaredloslagos.cl\/wp-json\/wp\/v2\/posts"}],"about":[{"href":"https:\/\/cooperativaredloslagos.cl\/wp-json\/wp\/v2\/types\/post"}],"author":[{"embeddable":true,"href":"https:\/\/cooperativaredloslagos.cl\/wp-json\/wp\/v2\/users\/4"}],"replies":[{"embeddable":true,"href":"https:\/\/cooperativaredloslagos.cl\/wp-json\/wp\/v2\/comments?post=5350"}],"version-history":[{"count":1,"href":"https:\/\/cooperativaredloslagos.cl\/wp-json\/wp\/v2\/posts\/5350\/revisions"}],"predecessor-version":[{"id":5352,"href":"https:\/\/cooperativaredloslagos.cl\/wp-json\/wp\/v2\/posts\/5350\/revisions\/5352"}],"wp:featuredmedia":[{"embeddable":true,"href":"https:\/\/cooperativaredloslagos.cl\/wp-json\/wp\/v2\/media\/5351"}],"wp:attachment":[{"href":"https:\/\/cooperativaredloslagos.cl\/wp-json\/wp\/v2\/media?parent=5350"}],"wp:term":[{"taxonomy":"category","embeddable":true,"href":"https:\/\/cooperativaredloslagos.cl\/wp-json\/wp\/v2\/categories?post=5350"},{"taxonomy":"post_tag","embeddable":true,"href":"https:\/\/cooperativaredloslagos.cl\/wp-json\/wp\/v2\/tags?post=5350"}],"curies":[{"name":"wp","href":"https:\/\/api.w.org\/{rel}","templated":true}]}}