{"id":5353,"date":"2026-04-07T07:48:17","date_gmt":"2026-04-07T11:48:17","guid":{"rendered":"https:\/\/cooperativaredloslagos.cl\/?p=5353"},"modified":"2026-04-07T07:49:20","modified_gmt":"2026-04-07T11:49:20","slug":"incendio-en-vivienda-de-frutillar-dejo-un-fallecido-y-dos-personas-lesionadas-en-ruta-5-sur","status":"publish","type":"post","link":"https:\/\/cooperativaredloslagos.cl\/2026\/04\/07\/incendio-en-vivienda-de-frutillar-dejo-un-fallecido-y-dos-personas-lesionadas-en-ruta-5-sur\/","title":{"rendered":"Incendio en vivienda de Frutillar dej\u00f3 un fallecido y dos personas lesionadas en Ruta 5 Sur"},"content":{"rendered":"\n<p>Durante la madrugada de este martes 7 de abril, un incendio afect\u00f3 a una vivienda de dos pisos ubicada en la Ruta 5 Sur, a la altura de la ex tenencia de Carabineros, pasado el sector Colonia La Radio, en la comuna de Frutillar.<\/p>\n\n\n\n<p>La emergencia se origin\u00f3 pasadas las 4:30 horas, la que moviliz\u00f3 a voluntarios de la 1\u00aa, 2\u00aa, 3\u00aa y 5\u00aa compa\u00f1\u00edas de Bomberos, quienes trabajaron intensamente en el control del fuego.<\/p>\n\n\n\n<p>El siniestro dej\u00f3 una persona fallecida, correspondiente a un hombre de aproximadamente 30 a\u00f1os. En tanto, sus padres resultaron con lesiones de consideraci\u00f3n, luego de que debieran saltar desde el segundo piso del inmueble para resguardar sus vidas.<\/p>\n\n\n\n<p>El procedimiento qued\u00f3 a cargo de Carabineros de Chile, a la espera de instrucciones del Ministerio P\u00fablico para la concurrencia de personal especializado, con el fin de realizar las diligencias y peritajes que permitan esclarecer el origen del incendio.<\/p>\n\n\n\n<p><\/p>\n","protected":false},"excerpt":{"rendered":"<p>Durante la madrugada de este martes 7 de abril, un incendio afect\u00f3 a una vivienda de dos pisos ubicada en la Ruta 5 Sur, a [&hellip;]<\/p>\n","protected":false},"author":4,"featured_media":5354,"comment_status":"closed","ping_status":"closed","sticky":false,"template":"","format":"standard","meta":{"_monsterinsights_skip_tracking":false,"_monsterinsights_sitenote_active":false,"_monsterinsights_sitenote_note":"","_monsterinsights_sitenote_category":0,"footnotes":""},"categories":[28,15],"tags":[],"class_list":["post-5353","post","type-post","status-publish","format-standard","has-post-thumbnail","hentry","category-policial","category-regional"],"_links":{"self":[{"href":"https:\/\/cooperativaredloslagos.cl\/wp-json\/wp\/v2\/posts\/5353","targetHints":{"allow":["GET"]}}],"collection":[{"href":"https:\/\/cooperativaredloslagos.cl\/wp-json\/wp\/v2\/posts"}],"about":[{"href":"https:\/\/cooperativaredloslagos.cl\/wp-json\/wp\/v2\/types\/post"}],"author":[{"embeddable":true,"href":"https:\/\/cooperativaredloslagos.cl\/wp-json\/wp\/v2\/users\/4"}],"replies":[{"embeddable":true,"href":"https:\/\/cooperativaredloslagos.cl\/wp-json\/wp\/v2\/comments?post=5353"}],"version-history":[{"count":1,"href":"https:\/\/cooperativaredloslagos.cl\/wp-json\/wp\/v2\/posts\/5353\/revisions"}],"predecessor-version":[{"id":5355,"href":"https:\/\/cooperativaredloslagos.cl\/wp-json\/wp\/v2\/posts\/5353\/revisions\/5355"}],"wp:featuredmedia":[{"embeddable":true,"href":"https:\/\/cooperativaredloslagos.cl\/wp-json\/wp\/v2\/media\/5354"}],"wp:attachment":[{"href":"https:\/\/cooperativaredloslagos.cl\/wp-json\/wp\/v2\/media?parent=5353"}],"wp:term":[{"taxonomy":"category","embeddable":true,"href":"https:\/\/cooperativaredloslagos.cl\/wp-json\/wp\/v2\/categories?post=5353"},{"taxonomy":"post_tag","embeddable":true,"href":"https:\/\/cooperativaredloslagos.cl\/wp-json\/wp\/v2\/tags?post=5353"}],"curies":[{"name":"wp","href":"https:\/\/api.w.org\/{rel}","templated":true}]}}