{"id":5356,"date":"2026-04-07T07:58:23","date_gmt":"2026-04-07T11:58:23","guid":{"rendered":"https:\/\/cooperativaredloslagos.cl\/?p=5356"},"modified":"2026-04-07T07:58:25","modified_gmt":"2026-04-07T11:58:25","slug":"adulto-mayor-murio-en-su-vivienda-tras-incendio-en-purranque","status":"publish","type":"post","link":"https:\/\/cooperativaredloslagos.cl\/2026\/04\/07\/adulto-mayor-murio-en-su-vivienda-tras-incendio-en-purranque\/","title":{"rendered":"Adulto mayor muri\u00f3 en su vivienda tras incendio en Purranque"},"content":{"rendered":"\n<p>Una lamentable noticia impact\u00f3 a la comunidad de Purranque tras darse a conocer la muerte de un adulto mayor tras un incendio que destruy\u00f3 por completo su vivienda.<\/p>\n\n\n\n<p>De acuerdo con los antecedentes proporcionados por la Central de Alarmas del Cuerpo de Bomberos de Purranque y el encargado de la Unidad de Gesti\u00f3n del Riesgo de Desastres (GRD), el siniestro se produjo alrededor de las 21:12 horas en una vivienda ubicada en calle Santo Domingo N\u00b0 262, en el sector c\u00e9ntrico de la ciudad, a metros de la intersecci\u00f3n con An\u00edbal Pinto y frente al gimnasio municipal.<\/p>\n\n\n\n<p>Hasta el lugar concurrieron voluntarios de la Primera, Segunda y Cuarta compa\u00f1\u00edas de Bomberos, quienes trabajaron en el control y extinci\u00f3n del fuego que afect\u00f3 una estructura de material ligero, la cual result\u00f3 completamente destruida producto de la acci\u00f3n de las llamas.<\/p>\n\n\n\n<p>A ra\u00edz de la emergencia, se confirm\u00f3 el fallecimiento de un adulto mayor, de 73 a\u00f1os, quien era el \u00fanico habitante del inmueble al momento de la emergencia.<\/p>\n\n\n\n<p>Por instrucci\u00f3n del fiscal de turno, se dispuso el aislamiento del sitio del suceso para resguardar evidencias, adem\u00e1s de la concurrencia de personal de Labocar (Laboratorio de Criminal\u00edstica de Carabineros) y del SML (Servicio M\u00e9dico Legal), con el fin de realizar las pericias correspondientes que permitan establecer el origen y causa del siniestro.<\/p>\n","protected":false},"excerpt":{"rendered":"<p>Una lamentable noticia impact\u00f3 a la comunidad de Purranque tras darse a conocer la muerte de un adulto mayor tras un incendio que destruy\u00f3 por [&hellip;]<\/p>\n","protected":false},"author":4,"featured_media":5357,"comment_status":"closed","ping_status":"closed","sticky":false,"template":"","format":"standard","meta":{"_monsterinsights_skip_tracking":false,"_monsterinsights_sitenote_active":false,"_monsterinsights_sitenote_note":"","_monsterinsights_sitenote_category":0,"footnotes":""},"categories":[28,34],"tags":[],"class_list":["post-5356","post","type-post","status-publish","format-standard","has-post-thumbnail","hentry","category-policial","category-purranque"],"_links":{"self":[{"href":"https:\/\/cooperativaredloslagos.cl\/wp-json\/wp\/v2\/posts\/5356","targetHints":{"allow":["GET"]}}],"collection":[{"href":"https:\/\/cooperativaredloslagos.cl\/wp-json\/wp\/v2\/posts"}],"about":[{"href":"https:\/\/cooperativaredloslagos.cl\/wp-json\/wp\/v2\/types\/post"}],"author":[{"embeddable":true,"href":"https:\/\/cooperativaredloslagos.cl\/wp-json\/wp\/v2\/users\/4"}],"replies":[{"embeddable":true,"href":"https:\/\/cooperativaredloslagos.cl\/wp-json\/wp\/v2\/comments?post=5356"}],"version-history":[{"count":1,"href":"https:\/\/cooperativaredloslagos.cl\/wp-json\/wp\/v2\/posts\/5356\/revisions"}],"predecessor-version":[{"id":5358,"href":"https:\/\/cooperativaredloslagos.cl\/wp-json\/wp\/v2\/posts\/5356\/revisions\/5358"}],"wp:featuredmedia":[{"embeddable":true,"href":"https:\/\/cooperativaredloslagos.cl\/wp-json\/wp\/v2\/media\/5357"}],"wp:attachment":[{"href":"https:\/\/cooperativaredloslagos.cl\/wp-json\/wp\/v2\/media?parent=5356"}],"wp:term":[{"taxonomy":"category","embeddable":true,"href":"https:\/\/cooperativaredloslagos.cl\/wp-json\/wp\/v2\/categories?post=5356"},{"taxonomy":"post_tag","embeddable":true,"href":"https:\/\/cooperativaredloslagos.cl\/wp-json\/wp\/v2\/tags?post=5356"}],"curies":[{"name":"wp","href":"https:\/\/api.w.org\/{rel}","templated":true}]}}