{"id":5365,"date":"2026-04-07T16:15:24","date_gmt":"2026-04-07T20:15:24","guid":{"rendered":"https:\/\/cooperativaredloslagos.cl\/?p=5365"},"modified":"2026-04-07T16:15:25","modified_gmt":"2026-04-07T20:15:25","slug":"diputado-bernales-llamo-a-intensificar-fiscalizaciones-por-violencia-nocturna-en-el-centro-de-puerto-montt","status":"publish","type":"post","link":"https:\/\/cooperativaredloslagos.cl\/2026\/04\/07\/diputado-bernales-llamo-a-intensificar-fiscalizaciones-por-violencia-nocturna-en-el-centro-de-puerto-montt\/","title":{"rendered":"Diputado Bernales llam\u00f3 a intensificar fiscalizaciones por violencia nocturna en el centro de Puerto Montt"},"content":{"rendered":"\n<p>El diputado liberal Alejandro Bernales hizo p\u00fablico un video que muestra la dif\u00edcil realidad de la noche en el centro de Puerto Montt. Seg\u00fan el parlamentario, ri\u00f1as, asaltos, ruidos molestos y diversas incivilidades se registran en las principales calles de la ciudad, afectando la calidad de vida de los vecinos.<\/p>\n\n\n\n<p>\u201cLos vecinos est\u00e1n cansados de denunciar estas situaciones, por eso hemos oficiado a Carabineros y al Ministerio de Seguridad para que se puedan tomar todas las medidas correspondientes\u201d, se\u00f1al\u00f3 Bernales, quien destac\u00f3 la necesidad de acciones concretas para resguardar la seguridad ciudadana.<\/p>\n\n\n\n<p>El diputado hizo un llamado a las autoridades locales y policiales a intensificar la fiscalizaci\u00f3n nocturna y a implementar estrategias que permitan disminuir los hechos de violencia y desorden que afectan a los habitantes del centro de Puerto Montt.<\/p>\n","protected":false},"excerpt":{"rendered":"<p>El diputado liberal Alejandro Bernales hizo p\u00fablico un video que muestra la dif\u00edcil realidad de la noche en el centro de Puerto Montt. Seg\u00fan el [&hellip;]<\/p>\n","protected":false},"author":4,"featured_media":5366,"comment_status":"closed","ping_status":"closed","sticky":false,"template":"","format":"standard","meta":{"_monsterinsights_skip_tracking":false,"_monsterinsights_sitenote_active":false,"_monsterinsights_sitenote_note":"","_monsterinsights_sitenote_category":0,"footnotes":""},"categories":[28,17],"tags":[],"class_list":["post-5365","post","type-post","status-publish","format-standard","has-post-thumbnail","hentry","category-policial","category-puerto-montt"],"_links":{"self":[{"href":"https:\/\/cooperativaredloslagos.cl\/wp-json\/wp\/v2\/posts\/5365","targetHints":{"allow":["GET"]}}],"collection":[{"href":"https:\/\/cooperativaredloslagos.cl\/wp-json\/wp\/v2\/posts"}],"about":[{"href":"https:\/\/cooperativaredloslagos.cl\/wp-json\/wp\/v2\/types\/post"}],"author":[{"embeddable":true,"href":"https:\/\/cooperativaredloslagos.cl\/wp-json\/wp\/v2\/users\/4"}],"replies":[{"embeddable":true,"href":"https:\/\/cooperativaredloslagos.cl\/wp-json\/wp\/v2\/comments?post=5365"}],"version-history":[{"count":1,"href":"https:\/\/cooperativaredloslagos.cl\/wp-json\/wp\/v2\/posts\/5365\/revisions"}],"predecessor-version":[{"id":5367,"href":"https:\/\/cooperativaredloslagos.cl\/wp-json\/wp\/v2\/posts\/5365\/revisions\/5367"}],"wp:featuredmedia":[{"embeddable":true,"href":"https:\/\/cooperativaredloslagos.cl\/wp-json\/wp\/v2\/media\/5366"}],"wp:attachment":[{"href":"https:\/\/cooperativaredloslagos.cl\/wp-json\/wp\/v2\/media?parent=5365"}],"wp:term":[{"taxonomy":"category","embeddable":true,"href":"https:\/\/cooperativaredloslagos.cl\/wp-json\/wp\/v2\/categories?post=5365"},{"taxonomy":"post_tag","embeddable":true,"href":"https:\/\/cooperativaredloslagos.cl\/wp-json\/wp\/v2\/tags?post=5365"}],"curies":[{"name":"wp","href":"https:\/\/api.w.org\/{rel}","templated":true}]}}