{"id":5368,"date":"2026-04-08T06:42:16","date_gmt":"2026-04-08T10:42:16","guid":{"rendered":"https:\/\/cooperativaredloslagos.cl\/?p=5368"},"modified":"2026-04-08T06:42:18","modified_gmt":"2026-04-08T10:42:18","slug":"intensifican-fiscalizaciones-al-transporte-de-madera-nativa-en-los-muermos","status":"publish","type":"post","link":"https:\/\/cooperativaredloslagos.cl\/2026\/04\/08\/intensifican-fiscalizaciones-al-transporte-de-madera-nativa-en-los-muermos\/","title":{"rendered":"Intensifican fiscalizaciones al transporte de madera nativa en Los Muermos"},"content":{"rendered":"\n<p>Un operativo interinstitucional de fiscalizaci\u00f3n forestal se despleg\u00f3 en Los Muermos para controlar el estricto cumplimiento normativo en el transporte y comercializaci\u00f3n de madera nativa.<\/p>\n\n\n\n<p>La acci\u00f3n en terreno fue coordinada por la Corporaci\u00f3n Nacional Forestal (CONAF), Carabineros de Chile, el Servicio de Impuestos Internos (SII) y Seguridad Ciudadana municipal. Las autoridades respondieron a alertas del sistema satelital sobre posibles talas sin plan de manejo.<\/p>\n\n\n\n<p>Esta zona fue priorizada por la presencia de especies en categor\u00eda de conservaci\u00f3n, como el alerce (Fitzroya cupressoides). Personal municipal y efectivos policiales del Ret\u00e9n Paraguay Chico controlaron rutas estrat\u00e9gicas verificando la documentaci\u00f3n exigida para el traslado maderero.<\/p>\n\n\n\n<p>Fernando Gebhard, director regional de CONAF Los Lagos, inst\u00f3 a la comunidad a adquirir le\u00f1a y productos derivados de manera responsable. La autoridad recalc\u00f3 la obligaci\u00f3n ciudadana de exigir siempre la Gu\u00eda de Libre Tr\u00e1nsito al momento de comprar.<\/p>\n\n\n\n<p>Dicho documento certifica el origen legal del recurso y su extracci\u00f3n bajo normativas sustentables. Desde la corporaci\u00f3n confirmaron que estos controles carreteros continuar\u00e1n en toda la regi\u00f3n para prevenir la tala ilegal y proteger el patrimonio forestal.<\/p>\n","protected":false},"excerpt":{"rendered":"<p>Un operativo interinstitucional de fiscalizaci\u00f3n forestal se despleg\u00f3 en Los Muermos para controlar el estricto cumplimiento normativo en el transporte y comercializaci\u00f3n de madera nativa. [&hellip;]<\/p>\n","protected":false},"author":4,"featured_media":5369,"comment_status":"closed","ping_status":"closed","sticky":false,"template":"","format":"standard","meta":{"_monsterinsights_skip_tracking":false,"_monsterinsights_sitenote_active":false,"_monsterinsights_sitenote_note":"","_monsterinsights_sitenote_category":0,"footnotes":""},"categories":[43,28],"tags":[],"class_list":["post-5368","post","type-post","status-publish","format-standard","has-post-thumbnail","hentry","category-los-muermos","category-policial"],"_links":{"self":[{"href":"https:\/\/cooperativaredloslagos.cl\/wp-json\/wp\/v2\/posts\/5368","targetHints":{"allow":["GET"]}}],"collection":[{"href":"https:\/\/cooperativaredloslagos.cl\/wp-json\/wp\/v2\/posts"}],"about":[{"href":"https:\/\/cooperativaredloslagos.cl\/wp-json\/wp\/v2\/types\/post"}],"author":[{"embeddable":true,"href":"https:\/\/cooperativaredloslagos.cl\/wp-json\/wp\/v2\/users\/4"}],"replies":[{"embeddable":true,"href":"https:\/\/cooperativaredloslagos.cl\/wp-json\/wp\/v2\/comments?post=5368"}],"version-history":[{"count":1,"href":"https:\/\/cooperativaredloslagos.cl\/wp-json\/wp\/v2\/posts\/5368\/revisions"}],"predecessor-version":[{"id":5370,"href":"https:\/\/cooperativaredloslagos.cl\/wp-json\/wp\/v2\/posts\/5368\/revisions\/5370"}],"wp:featuredmedia":[{"embeddable":true,"href":"https:\/\/cooperativaredloslagos.cl\/wp-json\/wp\/v2\/media\/5369"}],"wp:attachment":[{"href":"https:\/\/cooperativaredloslagos.cl\/wp-json\/wp\/v2\/media?parent=5368"}],"wp:term":[{"taxonomy":"category","embeddable":true,"href":"https:\/\/cooperativaredloslagos.cl\/wp-json\/wp\/v2\/categories?post=5368"},{"taxonomy":"post_tag","embeddable":true,"href":"https:\/\/cooperativaredloslagos.cl\/wp-json\/wp\/v2\/tags?post=5368"}],"curies":[{"name":"wp","href":"https:\/\/api.w.org\/{rel}","templated":true}]}}