{"id":5371,"date":"2026-04-08T06:52:04","date_gmt":"2026-04-08T10:52:04","guid":{"rendered":"https:\/\/cooperativaredloslagos.cl\/?p=5371"},"modified":"2026-04-08T06:52:05","modified_gmt":"2026-04-08T10:52:05","slug":"ocho-de-25-imputados-quedaron-con-arresto-domiciliario-total-por-robo-de-madera-en-chiloe","status":"publish","type":"post","link":"https:\/\/cooperativaredloslagos.cl\/2026\/04\/08\/ocho-de-25-imputados-quedaron-con-arresto-domiciliario-total-por-robo-de-madera-en-chiloe\/","title":{"rendered":"Ocho de 25 imputados quedaron con arresto domiciliario total por robo de madera en Chilo\u00e9"},"content":{"rendered":"\n<p>La Unidad de An\u00e1lisis Criminal de la fiscal\u00eda regional de Los Lagos concluy\u00f3 la formalizaci\u00f3n de 25 imputados por delitos forestales. La red operaba desde 2018 en la provincia de Chilo\u00e9, generando ganancias millonarias mediante la sustracci\u00f3n de madera y lavado de activos.<\/p>\n\n\n\n<p>El fiscal del Sistema de An\u00e1lisis Criminal y Focos Investigativos (SACFI), Daniel Alvarado, detall\u00f3 el modus operandi de la banda. La organizaci\u00f3n criminal habilit\u00f3 caminos con maquinaria pesada y aplic\u00f3 tala rasa en bosques nativos adultos. Esta acci\u00f3n afect\u00f3 tanto a terrenos fiscales como particulares.<\/p>\n\n\n\n<p>Las estimaciones de la Corporaci\u00f3n Nacional Forestal (CONAF) revelan cifras devastadoras para la zona sur. Se destruyeron m\u00e1s de 112 hect\u00e1reas de bosque nativo y se construyeron 53 kil\u00f3metros de rutas ilegales. El aval\u00fao del da\u00f1o comercial y ambiental supera los 4.600 millones de pesos.<\/p>\n\n\n\n<p>La madera usurpada era transportada hacia distintas barracas dentro y fuera de Chilo\u00e9 para su comercializaci\u00f3n clandestina. Tras la extensa audiencia en el Juzgado de Garant\u00eda de Castro, ocho acusados quedaron previamente con arresto domiciliario total y arraigo nacional y prohibici\u00f3n de acercarse\u00a0al predio en cuesti\u00f3n y a las presuntas v\u00edctimas, por lo que la mayor\u00eda de los imputados\u00a0qued\u00f3 en libertad. .<\/p>\n\n\n\n<p>Durante la \u00faltima jornada, el tribunal rechaz\u00f3 la prisi\u00f3n preventiva para otros 17 individuos, otorgando medidas cautelares de menor intensidad. Ante este escenario judicial, el Ministerio P\u00fablico apel\u00f3 verbalmente la decisi\u00f3n para nueve de ellos, buscando insistir en su encarcelamiento preventivo.<\/p>\n\n\n\n<p>El destino judicial de estos nueve imputados ser\u00e1 resuelto pr\u00f3ximamente por la Corte de Apelaciones de Puerto Montt. Este caso representa uno de los operativos m\u00e1s significativos de los \u00faltimos a\u00f1os contra el crimen organizado y las mafias madereras en la Regi\u00f3n de Los Lagos.<\/p>\n\n\n\n<p>La investigaci\u00f3n se origin\u00f3 luego de un amplio operativo que involucr\u00f3 a cerca de 300 detectives de la Polic\u00eda de Investigaciones (PDI) en la zona y que, adem\u00e1s, deriv\u00f3 en cortes de ruta y manifestaciones en apoyo a los detenidos.<\/p>\n","protected":false},"excerpt":{"rendered":"<p>La Unidad de An\u00e1lisis Criminal de la fiscal\u00eda regional de Los Lagos concluy\u00f3 la formalizaci\u00f3n de 25 imputados por delitos forestales. La red operaba desde [&hellip;]<\/p>\n","protected":false},"author":4,"featured_media":5372,"comment_status":"closed","ping_status":"closed","sticky":false,"template":"","format":"standard","meta":{"_monsterinsights_skip_tracking":false,"_monsterinsights_sitenote_active":false,"_monsterinsights_sitenote_note":"","_monsterinsights_sitenote_category":0,"footnotes":""},"categories":[41,15],"tags":[],"class_list":["post-5371","post","type-post","status-publish","format-standard","has-post-thumbnail","hentry","category-judicial","category-regional"],"_links":{"self":[{"href":"https:\/\/cooperativaredloslagos.cl\/wp-json\/wp\/v2\/posts\/5371","targetHints":{"allow":["GET"]}}],"collection":[{"href":"https:\/\/cooperativaredloslagos.cl\/wp-json\/wp\/v2\/posts"}],"about":[{"href":"https:\/\/cooperativaredloslagos.cl\/wp-json\/wp\/v2\/types\/post"}],"author":[{"embeddable":true,"href":"https:\/\/cooperativaredloslagos.cl\/wp-json\/wp\/v2\/users\/4"}],"replies":[{"embeddable":true,"href":"https:\/\/cooperativaredloslagos.cl\/wp-json\/wp\/v2\/comments?post=5371"}],"version-history":[{"count":1,"href":"https:\/\/cooperativaredloslagos.cl\/wp-json\/wp\/v2\/posts\/5371\/revisions"}],"predecessor-version":[{"id":5373,"href":"https:\/\/cooperativaredloslagos.cl\/wp-json\/wp\/v2\/posts\/5371\/revisions\/5373"}],"wp:featuredmedia":[{"embeddable":true,"href":"https:\/\/cooperativaredloslagos.cl\/wp-json\/wp\/v2\/media\/5372"}],"wp:attachment":[{"href":"https:\/\/cooperativaredloslagos.cl\/wp-json\/wp\/v2\/media?parent=5371"}],"wp:term":[{"taxonomy":"category","embeddable":true,"href":"https:\/\/cooperativaredloslagos.cl\/wp-json\/wp\/v2\/categories?post=5371"},{"taxonomy":"post_tag","embeddable":true,"href":"https:\/\/cooperativaredloslagos.cl\/wp-json\/wp\/v2\/tags?post=5371"}],"curies":[{"name":"wp","href":"https:\/\/api.w.org\/{rel}","templated":true}]}}