{"id":5374,"date":"2026-04-08T07:00:49","date_gmt":"2026-04-08T11:00:49","guid":{"rendered":"https:\/\/cooperativaredloslagos.cl\/?p=5374"},"modified":"2026-04-08T07:00:50","modified_gmt":"2026-04-08T11:00:50","slug":"rechazaron-ordenanza-sobre-comercio-sexual-en-la-via-publica-por-falta-de-quorum-en-puerto-montt","status":"publish","type":"post","link":"https:\/\/cooperativaredloslagos.cl\/2026\/04\/08\/rechazaron-ordenanza-sobre-comercio-sexual-en-la-via-publica-por-falta-de-quorum-en-puerto-montt\/","title":{"rendered":"Rechazaron ordenanza sobre comercio sexual en la v\u00eda p\u00fablica por falta de qu\u00f3rum en Puerto Montt"},"content":{"rendered":"\n<p>En sesi\u00f3n realizada durante esta jornada, el Concejo Municipal de Puerto Montt decidi\u00f3 no aprobar la ordenanza que buscaba regular y restringir el comercio sexual en espacios p\u00fablicos, debido a que la propuesta no alcanz\u00f3 el qu\u00f3rum necesario.<\/p>\n\n\n\n<p>La iniciativa obtuvo 4 votos a favor, 3 abstenciones y 1 en contra, resultado insuficiente para su aprobaci\u00f3n. Con esto, la normativa queda descartada en esta instancia y se mantiene sin cambios la situaci\u00f3n actual respecto a esta actividad en la comuna.<\/p>\n\n\n\n<p>Durante la votaci\u00f3n, se manifestaron a favor Mirta Vega, Valeria Baza, B\u00e1rbara C\u00e1ceres y el alcalde Rodrigo Wainraihgt. En tanto, los concejales Jos\u00e9 Segura, Sebasti\u00e1n Almonacid y B\u00e1rbara \u00c1lvarez optaron por la abstenci\u00f3n. Por su parte, la concejala Evelyn Ch\u00e1vez vot\u00f3 en contra, inclinando el resultado final hacia el rechazo de la iniciativa.<\/p>\n\n\n\n<p>Pese a la votaci\u00f3n desfavorable para als intenciones del municipio, no se descarta que la iniciativa pueda ser retomada en el futuro, ya sea mediante ajustes o una nueva propuesta que permita avanzar en su discusi\u00f3n.<\/p>\n","protected":false},"excerpt":{"rendered":"<p>En sesi\u00f3n realizada durante esta jornada, el Concejo Municipal de Puerto Montt decidi\u00f3 no aprobar la ordenanza que buscaba regular y restringir el comercio sexual [&hellip;]<\/p>\n","protected":false},"author":4,"featured_media":3543,"comment_status":"closed","ping_status":"closed","sticky":false,"template":"","format":"standard","meta":{"_monsterinsights_skip_tracking":false,"_monsterinsights_sitenote_active":false,"_monsterinsights_sitenote_note":"","_monsterinsights_sitenote_category":0,"footnotes":""},"categories":[6,15],"tags":[],"class_list":["post-5374","post","type-post","status-publish","format-standard","has-post-thumbnail","hentry","category-politics","category-regional"],"_links":{"self":[{"href":"https:\/\/cooperativaredloslagos.cl\/wp-json\/wp\/v2\/posts\/5374","targetHints":{"allow":["GET"]}}],"collection":[{"href":"https:\/\/cooperativaredloslagos.cl\/wp-json\/wp\/v2\/posts"}],"about":[{"href":"https:\/\/cooperativaredloslagos.cl\/wp-json\/wp\/v2\/types\/post"}],"author":[{"embeddable":true,"href":"https:\/\/cooperativaredloslagos.cl\/wp-json\/wp\/v2\/users\/4"}],"replies":[{"embeddable":true,"href":"https:\/\/cooperativaredloslagos.cl\/wp-json\/wp\/v2\/comments?post=5374"}],"version-history":[{"count":1,"href":"https:\/\/cooperativaredloslagos.cl\/wp-json\/wp\/v2\/posts\/5374\/revisions"}],"predecessor-version":[{"id":5375,"href":"https:\/\/cooperativaredloslagos.cl\/wp-json\/wp\/v2\/posts\/5374\/revisions\/5375"}],"wp:featuredmedia":[{"embeddable":true,"href":"https:\/\/cooperativaredloslagos.cl\/wp-json\/wp\/v2\/media\/3543"}],"wp:attachment":[{"href":"https:\/\/cooperativaredloslagos.cl\/wp-json\/wp\/v2\/media?parent=5374"}],"wp:term":[{"taxonomy":"category","embeddable":true,"href":"https:\/\/cooperativaredloslagos.cl\/wp-json\/wp\/v2\/categories?post=5374"},{"taxonomy":"post_tag","embeddable":true,"href":"https:\/\/cooperativaredloslagos.cl\/wp-json\/wp\/v2\/tags?post=5374"}],"curies":[{"name":"wp","href":"https:\/\/api.w.org\/{rel}","templated":true}]}}