{"id":5376,"date":"2026-04-08T07:11:28","date_gmt":"2026-04-08T11:11:28","guid":{"rendered":"https:\/\/cooperativaredloslagos.cl\/?p=5376"},"modified":"2026-04-08T07:11:29","modified_gmt":"2026-04-08T11:11:29","slug":"gobierno-regional-entrego-ambulancias-en-fresia-frutillar-y-llanquihue-junto-a-un-nuevo-mamografo","status":"publish","type":"post","link":"https:\/\/cooperativaredloslagos.cl\/2026\/04\/08\/gobierno-regional-entrego-ambulancias-en-fresia-frutillar-y-llanquihue-junto-a-un-nuevo-mamografo\/","title":{"rendered":"Gobierno Regional entreg\u00f3 ambulancias en Fresia, Frutillar y Llanquihue junto a un nuevo mam\u00f3grafo"},"content":{"rendered":"\n<p>En una jornada marcada por importantes avances para la salud p\u00fablica, el Gobierno Regional de Los Lagos concret\u00f3 la entrega de cuatro ambulancias y un mam\u00f3grafo de \u00faltima generaci\u00f3n para fortalecer la red asistencial en la provincia de Llanquihue.<\/p>\n\n\n\n<p>La actividad fue encabezada por el gobernador regional, Alejandro Santana, junto al director (s) del Servicio de Salud Reloncav\u00ed, Esteban Figueroa, quienes recorrieron las comunas de Llanquihue, Frutillar y Fresia para hacer entrega del equipamiento.<\/p>\n\n\n\n<p>La inversi\u00f3n total alcanz\u00f3 los $781 millones, financiados a trav\u00e9s del Fondo Nacional de Desarrollo Regional (FNDR), considerando $110 millones por cada ambulancia y $341 millones para el mam\u00f3grafo destinado al Hospital de Llanquihue.<\/p>\n\n\n\n<p>El gobernador regional, Alejandro Santana, destac\u00f3 el impacto de esta inversi\u00f3n se\u00f1alando que se trata de \u201cun gran d\u00eda\u201d, tras recorrer los tres hospitales beneficiados. Subray\u00f3 que estas cuatro ambulancias permitir\u00e1n \u201cdarle certeza y confianza a los pacientes\u201d, especialmente facilitando el trabajo de los funcionarios de salud en los traslados, marcando \u201cun antes y un despu\u00e9s\u201d en la atenci\u00f3n. Asimismo, enfatiz\u00f3 el compromiso del Gobierno Regional con la salud p\u00fablica, indicando que, pese a no tener responsabilidad constitucional directa, asume un rol activo frente a las urgencias y prioridades del territorio.<\/p>\n\n\n\n<p>Por su parte, el director (s) del Servicio de Salud Reloncav\u00ed, Esteban Figueroa, valor\u00f3 el aporte se\u00f1alando que las ambulancias son \u201cun insumo clave\u201d para acercar la salud a toda la poblaci\u00f3n, incluso en sectores aislados. Adem\u00e1s, destac\u00f3 la incorporaci\u00f3n del mam\u00f3grafo para el Hospital de Llanquihue, equipo de \u00faltima generaci\u00f3n que permitir\u00e1 mejorar la detecci\u00f3n precoz de enfermedades y que contar\u00e1 con interoperabilidad con el Hospital de Puerto Montt, fortaleciendo la red asistencial.<\/p>\n\n\n\n<p>Con estas acciones, el Gobierno Regional de Los Lagos reafirma su compromiso con la salud p\u00fablica, mejorando la capacidad de respuesta y la calidad de atenci\u00f3n para miles de habitantes del territorio.<\/p>\n","protected":false},"excerpt":{"rendered":"<p>En una jornada marcada por importantes avances para la salud p\u00fablica, el Gobierno Regional de Los Lagos concret\u00f3 la entrega de cuatro ambulancias y un [&hellip;]<\/p>\n","protected":false},"author":4,"featured_media":5377,"comment_status":"closed","ping_status":"closed","sticky":false,"template":"","format":"standard","meta":{"_monsterinsights_skip_tracking":false,"_monsterinsights_sitenote_active":false,"_monsterinsights_sitenote_note":"","_monsterinsights_sitenote_category":0,"footnotes":""},"categories":[15,16],"tags":[],"class_list":["post-5376","post","type-post","status-publish","format-standard","has-post-thumbnail","hentry","category-regional","category-salud"],"_links":{"self":[{"href":"https:\/\/cooperativaredloslagos.cl\/wp-json\/wp\/v2\/posts\/5376","targetHints":{"allow":["GET"]}}],"collection":[{"href":"https:\/\/cooperativaredloslagos.cl\/wp-json\/wp\/v2\/posts"}],"about":[{"href":"https:\/\/cooperativaredloslagos.cl\/wp-json\/wp\/v2\/types\/post"}],"author":[{"embeddable":true,"href":"https:\/\/cooperativaredloslagos.cl\/wp-json\/wp\/v2\/users\/4"}],"replies":[{"embeddable":true,"href":"https:\/\/cooperativaredloslagos.cl\/wp-json\/wp\/v2\/comments?post=5376"}],"version-history":[{"count":1,"href":"https:\/\/cooperativaredloslagos.cl\/wp-json\/wp\/v2\/posts\/5376\/revisions"}],"predecessor-version":[{"id":5378,"href":"https:\/\/cooperativaredloslagos.cl\/wp-json\/wp\/v2\/posts\/5376\/revisions\/5378"}],"wp:featuredmedia":[{"embeddable":true,"href":"https:\/\/cooperativaredloslagos.cl\/wp-json\/wp\/v2\/media\/5377"}],"wp:attachment":[{"href":"https:\/\/cooperativaredloslagos.cl\/wp-json\/wp\/v2\/media?parent=5376"}],"wp:term":[{"taxonomy":"category","embeddable":true,"href":"https:\/\/cooperativaredloslagos.cl\/wp-json\/wp\/v2\/categories?post=5376"},{"taxonomy":"post_tag","embeddable":true,"href":"https:\/\/cooperativaredloslagos.cl\/wp-json\/wp\/v2\/tags?post=5376"}],"curies":[{"name":"wp","href":"https:\/\/api.w.org\/{rel}","templated":true}]}}