{"id":5388,"date":"2026-04-08T18:08:28","date_gmt":"2026-04-08T22:08:28","guid":{"rendered":"https:\/\/cooperativaredloslagos.cl\/?p=5388"},"modified":"2026-04-08T18:08:29","modified_gmt":"2026-04-08T22:08:29","slug":"gobierno-presentara-querella-criminal-por-agresion-a-ministra-lincolao-en-valdivia","status":"publish","type":"post","link":"https:\/\/cooperativaredloslagos.cl\/2026\/04\/08\/gobierno-presentara-querella-criminal-por-agresion-a-ministra-lincolao-en-valdivia\/","title":{"rendered":"Gobierno presentar\u00e1 querella criminal por agresi\u00f3n a ministra Lincolao en Valdivia"},"content":{"rendered":"\n<p>El Gobierno comunic\u00f3 que presentar\u00e1 una querella por la agresi\u00f3n que sufri\u00f3 la ministra de Ciencias, Ximena Lincolao, en la Universidad Austral de Chile, en Valdivia, Regi\u00f3n de Los R\u00edos, la que gener\u00f3 repudio transversal en el mundo pol\u00edtico.<\/p>\n\n\n\n<p>La secretaria de Estado tuvo que salir apresuradamente del Aula Magna de la casa de estudios en medio de una manifestaci\u00f3n que se realizaba en el exterior. En su retirada, fue insultada y rociada con l\u00edquido por los manifestantes.<\/p>\n\n\n\n<p>El Gobierno conden\u00f3 en los \u00abt\u00e9rminos m\u00e1s en\u00e9rgicos\u00bb la agresi\u00f3n a la secretaria de Estado: \u00abLo ocurrido es absolutamente inaceptable. Una autoridad de gobierno fue amedrentada, retenida y posteriormente agredida en el ejercicio leg\u00edtimo de sus funciones, en un recinto universitario que debe ser, por definici\u00f3n, un espacio de aprendizaje, debate y convivencia\u00bb.<\/p>\n\n\n\n<p>\u00abLa violencia no tiene lugar en las aulas, ni en los campus, ni en un ning\u00fan espacio de la vida democr\u00e1tica chilena\u00bb, asever\u00f3.<\/p>\n\n\n\n<p>El Ejecutivo asever\u00f3 que \u00abeste Gobierno no se va a amedrentar. Quienes creen que la agresi\u00f3n y la intimidaci\u00f3n son herramientas v\u00e1lidas para acallar al Estado o frenar el trabajo de sus autoridades, est\u00e1n profundamente equivocados\u00bb.<\/p>\n\n\n\n<p>De esa forma, comunic\u00f3 la presentaci\u00f3n de una querella criminal por atentado a la autoridad, patrocinada por el Ministerio de Seguridad P\u00fablica.<\/p>\n\n\n\n<p>Por su parte, la ministra de Energ\u00eda, Ximena Rinc\u00f3n, relat\u00f3 en X que habl\u00f3 con su par de Ciencias y calific\u00f3 de \u00abinaceptable\u00bb lo ocurrido. \u00abLa tuvieron dos horas encerrada en un aula y tuvo que ser escoltada por la PDI para no sufrir ninguna lesi\u00f3n grave\u00bb, afirm\u00f3.<\/p>\n\n\n\n<p>\u00abChile es un pa\u00eds democr\u00e1tico, libre y donde no podemos permitir este tipo de agresiones. Debemos hacer frente a los intentos de funa y cancelaci\u00f3n. La ministra Lincolao siempre ha sido dialogante, ha tenido buena disposici\u00f3n y ha escuchado a todos los actores de su cartera\u00bb, enfatiz\u00f3.<\/p>\n\n\n\n<p>Por otra parte, la Fiscal\u00eda Regional de Los R\u00edos abri\u00f3 una investigaci\u00f3n por la agresi\u00f3n que sufri\u00f3 esta jornada la ministra de Ciencias, Ximena Lincolao, en un evento en la Universidad Austral de Chile (UACh).<\/p>\n\n\n\n<p>La secretaria de Estado hab\u00eda asistido a la inauguraci\u00f3n del a\u00f1o acad\u00e9mico de la casa de estudios cuando en medio de manifestaciones un grupo de estudiantes se acercaron a lanzarle agua y gritarle insultos.<\/p>\n","protected":false},"excerpt":{"rendered":"<p>El Gobierno comunic\u00f3 que presentar\u00e1 una querella por la agresi\u00f3n que sufri\u00f3 la ministra de Ciencias, Ximena Lincolao, en la Universidad Austral de Chile, en [&hellip;]<\/p>\n","protected":false},"author":4,"featured_media":5389,"comment_status":"closed","ping_status":"closed","sticky":false,"template":"","format":"standard","meta":{"_monsterinsights_skip_tracking":false,"_monsterinsights_sitenote_active":false,"_monsterinsights_sitenote_note":"","_monsterinsights_sitenote_category":0,"footnotes":""},"categories":[41,24],"tags":[],"class_list":["post-5388","post","type-post","status-publish","format-standard","has-post-thumbnail","hentry","category-judicial","category-nacional"],"_links":{"self":[{"href":"https:\/\/cooperativaredloslagos.cl\/wp-json\/wp\/v2\/posts\/5388","targetHints":{"allow":["GET"]}}],"collection":[{"href":"https:\/\/cooperativaredloslagos.cl\/wp-json\/wp\/v2\/posts"}],"about":[{"href":"https:\/\/cooperativaredloslagos.cl\/wp-json\/wp\/v2\/types\/post"}],"author":[{"embeddable":true,"href":"https:\/\/cooperativaredloslagos.cl\/wp-json\/wp\/v2\/users\/4"}],"replies":[{"embeddable":true,"href":"https:\/\/cooperativaredloslagos.cl\/wp-json\/wp\/v2\/comments?post=5388"}],"version-history":[{"count":1,"href":"https:\/\/cooperativaredloslagos.cl\/wp-json\/wp\/v2\/posts\/5388\/revisions"}],"predecessor-version":[{"id":5390,"href":"https:\/\/cooperativaredloslagos.cl\/wp-json\/wp\/v2\/posts\/5388\/revisions\/5390"}],"wp:featuredmedia":[{"embeddable":true,"href":"https:\/\/cooperativaredloslagos.cl\/wp-json\/wp\/v2\/media\/5389"}],"wp:attachment":[{"href":"https:\/\/cooperativaredloslagos.cl\/wp-json\/wp\/v2\/media?parent=5388"}],"wp:term":[{"taxonomy":"category","embeddable":true,"href":"https:\/\/cooperativaredloslagos.cl\/wp-json\/wp\/v2\/categories?post=5388"},{"taxonomy":"post_tag","embeddable":true,"href":"https:\/\/cooperativaredloslagos.cl\/wp-json\/wp\/v2\/tags?post=5388"}],"curies":[{"name":"wp","href":"https:\/\/api.w.org\/{rel}","templated":true}]}}