{"id":5391,"date":"2026-04-08T18:11:32","date_gmt":"2026-04-08T22:11:32","guid":{"rendered":"https:\/\/cooperativaredloslagos.cl\/?p=5391"},"modified":"2026-04-08T18:11:33","modified_gmt":"2026-04-08T22:11:33","slug":"municipio-respalda-a-la-directora-de-seguridad-y-condena-ataques-cobardes-en-su-contra","status":"publish","type":"post","link":"https:\/\/cooperativaredloslagos.cl\/2026\/04\/08\/municipio-respalda-a-la-directora-de-seguridad-y-condena-ataques-cobardes-en-su-contra\/","title":{"rendered":"Municipio respalda a la directora de Seguridad y condena \u201cataques cobardes\u201d en su contra"},"content":{"rendered":"\n<p>Durante la sesi\u00f3n ordinaria del Concejo Municipal realizada el martes, la administraci\u00f3n que lidera el alcalde Rodrigo Wainraihgt aclar\u00f3 la situaci\u00f3n de la directora de Seguridad, Soledad Escobar, y rechaz\u00f3 los cuestionamientos surgidos en redes sociales que planteaban una eventual doble remuneraci\u00f3n en su calidad de ex funcionaria de Carabineros.<\/p>\n\n\n\n<p>El director jur\u00eddico de la Municipalidad, Osvaldo Emhart, intervino durante la jornada para explicar que, luego de 20 a\u00f1os de servicio en Carabineros, la directora de Seguridad contaba con un beneficio de cuatro sueldos m\u00e1s a partir de su retiro, al que ella renunci\u00f3 el 20 de septiembre, tres d\u00edas antes de asumir su actual cargo.<\/p>\n\n\n\n<p>El abogado puntualiz\u00f3 que Carabineros envi\u00f3 la informaci\u00f3n a Contralor\u00eda -con la debida toma de raz\u00f3n por parte de la instituci\u00f3n- que se\u00f1ala que ella renuncia y s\u00f3lo le otorgan el beneficio del art\u00edculo 75 por tres d\u00edas, que es el per\u00edodo entre que deja su cargo e ingresa a la Municipalidad.<\/p>\n\n\n\n<p>A partir de ah\u00ed, explic\u00f3, Soledad Escobar recibe su jubilaci\u00f3n de Carabineros m\u00e1s el sueldo de la Municipalidad, lo que est\u00e1 regulado en el art\u00edculo 81 de la ley, que se\u00f1ala como excepci\u00f3n de doble remuneraci\u00f3n las jubilaciones.<\/p>\n\n\n\n<p>\u201cEst\u00e1 completamente en regla en los temas legales y administrativos, est\u00e1 emanado por Carabineros y adem\u00e1s validado por la Contralor\u00eda General de la Rep\u00fablica. Entonces es importante dejarlo claro porque son cargos cr\u00edticos, que reciben mucha descarga de odiosidades, y nosotros como Municipalidad tenemos que protegerlos\u201d, manifest\u00f3 Osvaldo Emhart.<\/p>\n\n\n\n<p>El alcalde Rodrigo Wainraihgt conden\u00f3 lo que calific\u00f3 como \u201cataques cobardes\u201d contra la directora de Seguridad P\u00fablica, a quien felicit\u00f3 por liderar un trabajo que hoy tiene a Puerto Montt como la ciudad con menor victimizaci\u00f3n en el comercio a nivel nacional.<\/p>\n\n\n\n<p>\u201cCondenamos los ataques que ha sufrido nuestra directora de Seguridad, Soledad Escobar, que son ataques cobardes, ataques an\u00f3nimos producto de emails que se han enviado a concejales y tambi\u00e9n que han aparecido en p\u00e1ginas de internet o de redes sociales que no tienen ninguna garant\u00eda\u201d, manifest\u00f3.<\/p>\n\n\n\n<p>El jefe comunal remarc\u00f3 que el estudio de la C\u00e1mara Nacional de Comercio conocido el martes ubica a Puerto Montt como la ciudad con mayor percepci\u00f3n de seguridad en el comercio, y la con menor presencia de vendedores informales en las calles, y lament\u00f3 que autoridades como la concejala Evelyn Ch\u00e1vez se hayan hecho cargo de estas acusaciones sin fundamento.<\/p>\n\n\n\n<p>\u201cMe llama la atenci\u00f3n que haya concejales, como por ejemplo la concejala Evelyn Ch\u00e1vez, que se ponen la capa de proteger y defender a las mujeres, pero ha sido uno a las que m\u00e1s ha atacado justamente a Soledad. No es la primera vez que toma estas falacias y estas informaciones falsas, para escudarse a trav\u00e9s de una supuesta fiscalizaci\u00f3n\u201d, manifest\u00f3.<\/p>\n\n\n\n<p>Finalmente, el alcalde enfatiz\u00f3 que \u201cvoy a defender a Soledad, que es una tremenda funcionaria, no solamente porque es mujer, sino porque est\u00e1 realizando un tremendo rol de seguridad en nuestra Municipalidad de Puerto Montt\u201d.<\/p>\n","protected":false},"excerpt":{"rendered":"<p>Durante la sesi\u00f3n ordinaria del Concejo Municipal realizada el martes, la administraci\u00f3n que lidera el alcalde Rodrigo Wainraihgt aclar\u00f3 la situaci\u00f3n de la directora de [&hellip;]<\/p>\n","protected":false},"author":4,"featured_media":5392,"comment_status":"closed","ping_status":"closed","sticky":false,"template":"","format":"standard","meta":{"_monsterinsights_skip_tracking":false,"_monsterinsights_sitenote_active":false,"_monsterinsights_sitenote_note":"","_monsterinsights_sitenote_category":0,"footnotes":""},"categories":[6,15],"tags":[],"class_list":["post-5391","post","type-post","status-publish","format-standard","has-post-thumbnail","hentry","category-politics","category-regional"],"_links":{"self":[{"href":"https:\/\/cooperativaredloslagos.cl\/wp-json\/wp\/v2\/posts\/5391","targetHints":{"allow":["GET"]}}],"collection":[{"href":"https:\/\/cooperativaredloslagos.cl\/wp-json\/wp\/v2\/posts"}],"about":[{"href":"https:\/\/cooperativaredloslagos.cl\/wp-json\/wp\/v2\/types\/post"}],"author":[{"embeddable":true,"href":"https:\/\/cooperativaredloslagos.cl\/wp-json\/wp\/v2\/users\/4"}],"replies":[{"embeddable":true,"href":"https:\/\/cooperativaredloslagos.cl\/wp-json\/wp\/v2\/comments?post=5391"}],"version-history":[{"count":1,"href":"https:\/\/cooperativaredloslagos.cl\/wp-json\/wp\/v2\/posts\/5391\/revisions"}],"predecessor-version":[{"id":5393,"href":"https:\/\/cooperativaredloslagos.cl\/wp-json\/wp\/v2\/posts\/5391\/revisions\/5393"}],"wp:featuredmedia":[{"embeddable":true,"href":"https:\/\/cooperativaredloslagos.cl\/wp-json\/wp\/v2\/media\/5392"}],"wp:attachment":[{"href":"https:\/\/cooperativaredloslagos.cl\/wp-json\/wp\/v2\/media?parent=5391"}],"wp:term":[{"taxonomy":"category","embeddable":true,"href":"https:\/\/cooperativaredloslagos.cl\/wp-json\/wp\/v2\/categories?post=5391"},{"taxonomy":"post_tag","embeddable":true,"href":"https:\/\/cooperativaredloslagos.cl\/wp-json\/wp\/v2\/tags?post=5391"}],"curies":[{"name":"wp","href":"https:\/\/api.w.org\/{rel}","templated":true}]}}