{"id":5397,"date":"2026-04-08T19:04:53","date_gmt":"2026-04-08T23:04:53","guid":{"rendered":"https:\/\/cooperativaredloslagos.cl\/?p=5397"},"modified":"2026-04-08T19:04:54","modified_gmt":"2026-04-08T23:04:54","slug":"frutillar-decreta-duelo-oficial-comunal-por-fallecimiento-de-exconcejal-helvio-araneda","status":"publish","type":"post","link":"https:\/\/cooperativaredloslagos.cl\/2026\/04\/08\/frutillar-decreta-duelo-oficial-comunal-por-fallecimiento-de-exconcejal-helvio-araneda\/","title":{"rendered":"Frutillar decreta duelo oficial comunal por fallecimiento de exconcejal Helvio Araneda"},"content":{"rendered":"\n<p>La Municipalidad de Frutillar decret\u00f3 duelo oficial comunal tras el fallecimiento de quien fuera exconcejal de la comuna, Helvio Omar Araneda Soto, junto con destacar su trayectoria p\u00fablica y social.<\/p>\n\n\n\n<p>De acuerdo con el Decreto Exento N\u00b0 960, con fecha 8 de abril de 2026, la medida regir\u00e1 durante los d\u00edas jueves 9 y viernes 10 de abril, en se\u00f1al de respeto y reconocimiento a su labor desarrollada en el territorio.<\/p>\n\n\n\n<p>El municipio dispuso el izamiento del pabell\u00f3n patrio a media asta en los edificios municipales e invit\u00f3 adem\u00e1s a la comunidad a adherirse a este homenaje.<\/p>\n\n\n\n<p>Helvio Araneda Soto ejerci\u00f3 como concejal en distintos periodos, entre 1992 y 2012, y posteriormente entre 2016 y 2021, siendo adem\u00e1s un activo dirigente social en la comuna. Asimismo, en el a\u00f1o 2022 fue distinguido como Hijo Ilustre de la comuna, en reconocimiento a su aporte a la comunidad.<\/p>\n\n\n\n<p>Por a\u00f1os luch\u00f3 contra una enfermedad, la que lo oblig\u00f3 a abandonar su pasi\u00f3n por la politica y el servicio a la comunidad.<\/p>\n","protected":false},"excerpt":{"rendered":"<p>La Municipalidad de Frutillar decret\u00f3 duelo oficial comunal tras el fallecimiento de quien fuera exconcejal de la comuna, Helvio Omar Araneda Soto, junto con destacar [&hellip;]<\/p>\n","protected":false},"author":4,"featured_media":5398,"comment_status":"closed","ping_status":"closed","sticky":false,"template":"","format":"standard","meta":{"_monsterinsights_skip_tracking":false,"_monsterinsights_sitenote_active":false,"_monsterinsights_sitenote_note":"","_monsterinsights_sitenote_category":0,"footnotes":""},"categories":[26,6],"tags":[],"class_list":["post-5397","post","type-post","status-publish","format-standard","has-post-thumbnail","hentry","category-frutillar","category-politics"],"_links":{"self":[{"href":"https:\/\/cooperativaredloslagos.cl\/wp-json\/wp\/v2\/posts\/5397","targetHints":{"allow":["GET"]}}],"collection":[{"href":"https:\/\/cooperativaredloslagos.cl\/wp-json\/wp\/v2\/posts"}],"about":[{"href":"https:\/\/cooperativaredloslagos.cl\/wp-json\/wp\/v2\/types\/post"}],"author":[{"embeddable":true,"href":"https:\/\/cooperativaredloslagos.cl\/wp-json\/wp\/v2\/users\/4"}],"replies":[{"embeddable":true,"href":"https:\/\/cooperativaredloslagos.cl\/wp-json\/wp\/v2\/comments?post=5397"}],"version-history":[{"count":1,"href":"https:\/\/cooperativaredloslagos.cl\/wp-json\/wp\/v2\/posts\/5397\/revisions"}],"predecessor-version":[{"id":5399,"href":"https:\/\/cooperativaredloslagos.cl\/wp-json\/wp\/v2\/posts\/5397\/revisions\/5399"}],"wp:featuredmedia":[{"embeddable":true,"href":"https:\/\/cooperativaredloslagos.cl\/wp-json\/wp\/v2\/media\/5398"}],"wp:attachment":[{"href":"https:\/\/cooperativaredloslagos.cl\/wp-json\/wp\/v2\/media?parent=5397"}],"wp:term":[{"taxonomy":"category","embeddable":true,"href":"https:\/\/cooperativaredloslagos.cl\/wp-json\/wp\/v2\/categories?post=5397"},{"taxonomy":"post_tag","embeddable":true,"href":"https:\/\/cooperativaredloslagos.cl\/wp-json\/wp\/v2\/tags?post=5397"}],"curies":[{"name":"wp","href":"https:\/\/api.w.org\/{rel}","templated":true}]}}