{"id":5400,"date":"2026-04-08T20:47:11","date_gmt":"2026-04-09T00:47:11","guid":{"rendered":"https:\/\/cooperativaredloslagos.cl\/?p=5400"},"modified":"2026-04-08T20:47:12","modified_gmt":"2026-04-09T00:47:12","slug":"sacan-del-cargo-a-seremi-de-energia-en-los-lagos-por-no-cumplir-con-requisitos-academicos","status":"publish","type":"post","link":"https:\/\/cooperativaredloslagos.cl\/2026\/04\/08\/sacan-del-cargo-a-seremi-de-energia-en-los-lagos-por-no-cumplir-con-requisitos-academicos\/","title":{"rendered":"Sacan del cargo a Seremi de Energ\u00eda en Los Lagos por no cumplir con requisitos acad\u00e9micos"},"content":{"rendered":"\n<p>La Delegaci\u00f3n Presidencial Regional de Los Lagos inform\u00f3 que se dej\u00f3 sin efecto el nombramiento de Jorge Ravelo Fuentes en el cargo de Seremi de Energ\u00eda.<\/p>\n\n\n\n<p>De acuerdo con informaci\u00f3n entregada por el Ministerio de Energ\u00eda, su designaci\u00f3n, a pesar de haber sido anunciada, no se concret\u00f3 debido a que el Se\u00f1or Ravelo no cumpl\u00eda con el requisito espec\u00edfico de contar con estudios superiores de una carrera de al menos diez semestres de duraci\u00f3n. Por ello, no se concret\u00f3 la materializaci\u00f3n de su decreto de nombramiento, decidi\u00e9ndose avanzar con otro profesional de la terna enviada desde la regi\u00f3n.<\/p>\n\n\n\n<p>El gobierno local agradeci\u00f3 \u00abla disposici\u00f3n del Se\u00f1or Ravelo Fuentes para sumarse al Gobierno en nuestra regi\u00f3n\u00bb.<\/p>\n\n\n\n<p>La designaci\u00f3n de la nueva autoridad del Ministerio de Energ\u00eda en la regi\u00f3n de Los Lagos se comunicar\u00e1 oportunamente.<\/p>\n","protected":false},"excerpt":{"rendered":"<p>La Delegaci\u00f3n Presidencial Regional de Los Lagos inform\u00f3 que se dej\u00f3 sin efecto el nombramiento de Jorge Ravelo Fuentes en el cargo de Seremi de [&hellip;]<\/p>\n","protected":false},"author":4,"featured_media":5401,"comment_status":"closed","ping_status":"closed","sticky":false,"template":"","format":"standard","meta":{"_monsterinsights_skip_tracking":false,"_monsterinsights_sitenote_active":false,"_monsterinsights_sitenote_note":"","_monsterinsights_sitenote_category":0,"footnotes":""},"categories":[6,15],"tags":[],"class_list":["post-5400","post","type-post","status-publish","format-standard","has-post-thumbnail","hentry","category-politics","category-regional"],"_links":{"self":[{"href":"https:\/\/cooperativaredloslagos.cl\/wp-json\/wp\/v2\/posts\/5400","targetHints":{"allow":["GET"]}}],"collection":[{"href":"https:\/\/cooperativaredloslagos.cl\/wp-json\/wp\/v2\/posts"}],"about":[{"href":"https:\/\/cooperativaredloslagos.cl\/wp-json\/wp\/v2\/types\/post"}],"author":[{"embeddable":true,"href":"https:\/\/cooperativaredloslagos.cl\/wp-json\/wp\/v2\/users\/4"}],"replies":[{"embeddable":true,"href":"https:\/\/cooperativaredloslagos.cl\/wp-json\/wp\/v2\/comments?post=5400"}],"version-history":[{"count":1,"href":"https:\/\/cooperativaredloslagos.cl\/wp-json\/wp\/v2\/posts\/5400\/revisions"}],"predecessor-version":[{"id":5402,"href":"https:\/\/cooperativaredloslagos.cl\/wp-json\/wp\/v2\/posts\/5400\/revisions\/5402"}],"wp:featuredmedia":[{"embeddable":true,"href":"https:\/\/cooperativaredloslagos.cl\/wp-json\/wp\/v2\/media\/5401"}],"wp:attachment":[{"href":"https:\/\/cooperativaredloslagos.cl\/wp-json\/wp\/v2\/media?parent=5400"}],"wp:term":[{"taxonomy":"category","embeddable":true,"href":"https:\/\/cooperativaredloslagos.cl\/wp-json\/wp\/v2\/categories?post=5400"},{"taxonomy":"post_tag","embeddable":true,"href":"https:\/\/cooperativaredloslagos.cl\/wp-json\/wp\/v2\/tags?post=5400"}],"curies":[{"name":"wp","href":"https:\/\/api.w.org\/{rel}","templated":true}]}}