{"id":5403,"date":"2026-04-09T07:16:59","date_gmt":"2026-04-09T11:16:59","guid":{"rendered":"https:\/\/cooperativaredloslagos.cl\/?p=5403"},"modified":"2026-04-09T07:17:00","modified_gmt":"2026-04-09T11:17:00","slug":"22-detenidos-y-mil-600-millones-congelados-dejo-investigacion-por-robo-y-exportacion-ilegal-de-cobre-liderada-por-la-fiscalia-los-lagos","status":"publish","type":"post","link":"https:\/\/cooperativaredloslagos.cl\/2026\/04\/09\/22-detenidos-y-mil-600-millones-congelados-dejo-investigacion-por-robo-y-exportacion-ilegal-de-cobre-liderada-por-la-fiscalia-los-lagos\/","title":{"rendered":"22 detenidos y mil 600 millones congelados dej\u00f3 investigaci\u00f3n por robo y exportaci\u00f3n ilegal de cobre liderada por la fiscal\u00eda Los Lagos"},"content":{"rendered":"\n<p>La Fiscal\u00eda Regional de Los Lagos lider\u00f3 una investigaci\u00f3n de alcance nacional que permiti\u00f3 desarticular una red dedicada al robo, comercializaci\u00f3n y exportaci\u00f3n ilegal de cobre. En el marco de las diligencias, se lograron incautar 187 toneladas del metal y congelar m\u00e1s de 1.600 millones de pesos en diversas cuentas vinculadas a los imputados.<\/p>\n\n\n\n<p>Durante los procedimientos, se detuvo a 22 personas por orden judicial, y adem\u00e1s se incautaron armas, dinero en efectivo, un veh\u00edculo de alta gama y 64 propiedades, las cuales ser\u00e1n objeto de investigaci\u00f3n para determinar su origen. La fiscal\u00eda destac\u00f3 la complejidad del operativo y la colaboraci\u00f3n interregional en su desarrollo.<\/p>\n\n\n\n<p>Los procedimientos contaron con apoyo en distintas regiones del pa\u00eds, incluyendo Los R\u00edos, Biob\u00edo, Metropolitana y Tarapac\u00e1. La fiscal regional subrogante de Los Lagos, Mar\u00eda Ang\u00e9lica de Miguel, enfatiz\u00f3 que esta operaci\u00f3n refleja un trabajo coordinado y meticuloso para desmantelar estructuras criminales que afectan la econom\u00eda y la seguridad del pa\u00eds.<\/p>\n\n\n\n<p>Las diligencias se desarrollaron de manera coordinada en distintas zonas del pa\u00eds, incluyendo las regiones de Los Lagos, Los R\u00edos, Biob\u00edo, Metropolitana y Tarapac\u00e1, lo que da cuenta del alcance nacional de la organizaci\u00f3n investigada.<\/p>\n\n\n\n<p>Desde el Ministerio P\u00fablico se indic\u00f3 que esta investigaci\u00f3n se inici\u00f3 en la Regi\u00f3n de Los Lagos y se fue ampliando a otras regiones, permitiendo establecer la existencia de una red dedicada al delito de robo de cobre y su posterior comercializaci\u00f3n y exportaci\u00f3n, especialmente a China<\/p>\n\n\n\n<p>Las autoridades contin\u00faan con las diligencias para esclarecer completamente los hechos y determinar eventuales nuevas responsabilidades en el caso.<\/p>\n","protected":false},"excerpt":{"rendered":"<p>La Fiscal\u00eda Regional de Los Lagos lider\u00f3 una investigaci\u00f3n de alcance nacional que permiti\u00f3 desarticular una red dedicada al robo, comercializaci\u00f3n y exportaci\u00f3n ilegal de [&hellip;]<\/p>\n","protected":false},"author":4,"featured_media":5404,"comment_status":"closed","ping_status":"closed","sticky":false,"template":"","format":"standard","meta":{"_monsterinsights_skip_tracking":false,"_monsterinsights_sitenote_active":false,"_monsterinsights_sitenote_note":"","_monsterinsights_sitenote_category":0,"footnotes":""},"categories":[28,15],"tags":[],"class_list":["post-5403","post","type-post","status-publish","format-standard","has-post-thumbnail","hentry","category-policial","category-regional"],"_links":{"self":[{"href":"https:\/\/cooperativaredloslagos.cl\/wp-json\/wp\/v2\/posts\/5403","targetHints":{"allow":["GET"]}}],"collection":[{"href":"https:\/\/cooperativaredloslagos.cl\/wp-json\/wp\/v2\/posts"}],"about":[{"href":"https:\/\/cooperativaredloslagos.cl\/wp-json\/wp\/v2\/types\/post"}],"author":[{"embeddable":true,"href":"https:\/\/cooperativaredloslagos.cl\/wp-json\/wp\/v2\/users\/4"}],"replies":[{"embeddable":true,"href":"https:\/\/cooperativaredloslagos.cl\/wp-json\/wp\/v2\/comments?post=5403"}],"version-history":[{"count":1,"href":"https:\/\/cooperativaredloslagos.cl\/wp-json\/wp\/v2\/posts\/5403\/revisions"}],"predecessor-version":[{"id":5405,"href":"https:\/\/cooperativaredloslagos.cl\/wp-json\/wp\/v2\/posts\/5403\/revisions\/5405"}],"wp:featuredmedia":[{"embeddable":true,"href":"https:\/\/cooperativaredloslagos.cl\/wp-json\/wp\/v2\/media\/5404"}],"wp:attachment":[{"href":"https:\/\/cooperativaredloslagos.cl\/wp-json\/wp\/v2\/media?parent=5403"}],"wp:term":[{"taxonomy":"category","embeddable":true,"href":"https:\/\/cooperativaredloslagos.cl\/wp-json\/wp\/v2\/categories?post=5403"},{"taxonomy":"post_tag","embeddable":true,"href":"https:\/\/cooperativaredloslagos.cl\/wp-json\/wp\/v2\/tags?post=5403"}],"curies":[{"name":"wp","href":"https:\/\/api.w.org\/{rel}","templated":true}]}}