{"id":5418,"date":"2026-04-09T13:01:12","date_gmt":"2026-04-09T17:01:12","guid":{"rendered":"https:\/\/cooperativaredloslagos.cl\/?p=5418"},"modified":"2026-04-09T13:01:13","modified_gmt":"2026-04-09T17:01:13","slug":"ingreso-de-dos-sujetos-armados-al-colegio-kimun-lawal-de-alerce-activo-procedimiento-policial","status":"publish","type":"post","link":"https:\/\/cooperativaredloslagos.cl\/2026\/04\/09\/ingreso-de-dos-sujetos-armados-al-colegio-kimun-lawal-de-alerce-activo-procedimiento-policial\/","title":{"rendered":"Ingreso de dos sujetos armados al Colegio Kimun Lawal de Alerce activ\u00f3 procedimiento policial"},"content":{"rendered":"\n<p>Una situaci\u00f3n de m\u00e1xima alerta y profunda preocupaci\u00f3n viven los apoderados del Colegio Kimun Lawal, en el sector de Alerce, luego de que este jueves se reportara el ingreso de dos individuos \u2014presuntamente exalumnos\u2014 portando armas de fuego y armas blancas al interior del establecimiento educacional.<\/p>\n\n\n\n<p>El hecho fue denunciado por los propios padres, quienes manifestaron su indignaci\u00f3n ante lo que califican como una grave negligencia en los protocolos de acceso al recinto.<\/p>\n\n\n\n<p>De acuerdo con los antecedentes entregados por los apoderados, los dos sujetos habr\u00edan ingresado al colegio no por la fuerza, sino con la presunta autorizaci\u00f3n de un funcionario del establecimiento. Seg\u00fan el relato de la comunidad escolar, el funcionario les habr\u00eda permitido el paso e incluso les habr\u00eda proporcionado alimentos (pan y agua) antes de que se detectara que portaban armamento.<\/p>\n\n\n\n<p>Esta situaci\u00f3n gener\u00f3 el p\u00e1nico inmediato entre quienes advirtieron la presencia de las armas, lo ue activ\u00f3 el llamado a las fuerzas de orden.<\/p>\n\n\n\n<p>Personal de carabineros de Alerce concurri\u00f3 r\u00e1pidamente al establecimiento tras recibir la alerta. Los efectivos policiales lograron interceptar a los dos individuos, procediendo a su detenci\u00f3n inmediata y al retiro de las armas del recinto.<\/p>\n\n\n\n<p>Hasta el momento, no se han reportado personas lesionadas, sin embargo, la sensaci\u00f3n de inseguridad es total entre las familias. \u00abEstamos cansados y muy preocupados por este hecho que pone en riesgo la integridad de nuestros hijos\u00bb, denunciaron indignados los apoderados a las afueras del colegio.<\/p>\n\n\n\n<p>Se espera que en las pr\u00f3ximas horas el Departamento de Administraci\u00f3n de Educaci\u00f3n Municipal (DAEM) y la direcci\u00f3n del Colegio Kimun Lawal entreguen una vocer\u00eda oficial para aclarar la supuesta responsabilidad del funcionario y las medidas de seguridad que se adoptar\u00e1n para resguardar a los estudiantes.<\/p>\n","protected":false},"excerpt":{"rendered":"<p>Una situaci\u00f3n de m\u00e1xima alerta y profunda preocupaci\u00f3n viven los apoderados del Colegio Kimun Lawal, en el sector de Alerce, luego de que este jueves [&hellip;]<\/p>\n","protected":false},"author":4,"featured_media":5419,"comment_status":"closed","ping_status":"closed","sticky":false,"template":"","format":"standard","meta":{"_monsterinsights_skip_tracking":false,"_monsterinsights_sitenote_active":false,"_monsterinsights_sitenote_note":"","_monsterinsights_sitenote_category":0,"footnotes":""},"categories":[28,15],"tags":[],"class_list":["post-5418","post","type-post","status-publish","format-standard","has-post-thumbnail","hentry","category-policial","category-regional"],"_links":{"self":[{"href":"https:\/\/cooperativaredloslagos.cl\/wp-json\/wp\/v2\/posts\/5418","targetHints":{"allow":["GET"]}}],"collection":[{"href":"https:\/\/cooperativaredloslagos.cl\/wp-json\/wp\/v2\/posts"}],"about":[{"href":"https:\/\/cooperativaredloslagos.cl\/wp-json\/wp\/v2\/types\/post"}],"author":[{"embeddable":true,"href":"https:\/\/cooperativaredloslagos.cl\/wp-json\/wp\/v2\/users\/4"}],"replies":[{"embeddable":true,"href":"https:\/\/cooperativaredloslagos.cl\/wp-json\/wp\/v2\/comments?post=5418"}],"version-history":[{"count":1,"href":"https:\/\/cooperativaredloslagos.cl\/wp-json\/wp\/v2\/posts\/5418\/revisions"}],"predecessor-version":[{"id":5420,"href":"https:\/\/cooperativaredloslagos.cl\/wp-json\/wp\/v2\/posts\/5418\/revisions\/5420"}],"wp:featuredmedia":[{"embeddable":true,"href":"https:\/\/cooperativaredloslagos.cl\/wp-json\/wp\/v2\/media\/5419"}],"wp:attachment":[{"href":"https:\/\/cooperativaredloslagos.cl\/wp-json\/wp\/v2\/media?parent=5418"}],"wp:term":[{"taxonomy":"category","embeddable":true,"href":"https:\/\/cooperativaredloslagos.cl\/wp-json\/wp\/v2\/categories?post=5418"},{"taxonomy":"post_tag","embeddable":true,"href":"https:\/\/cooperativaredloslagos.cl\/wp-json\/wp\/v2\/tags?post=5418"}],"curies":[{"name":"wp","href":"https:\/\/api.w.org\/{rel}","templated":true}]}}