{"id":5424,"date":"2026-04-09T14:05:38","date_gmt":"2026-04-09T18:05:38","guid":{"rendered":"https:\/\/cooperativaredloslagos.cl\/?p=5424"},"modified":"2026-04-09T14:05:39","modified_gmt":"2026-04-09T18:05:39","slug":"detuvieron-a-hombre-con-mas-de-dos-kilos-de-droga-en-maullin","status":"publish","type":"post","link":"https:\/\/cooperativaredloslagos.cl\/2026\/04\/09\/detuvieron-a-hombre-con-mas-de-dos-kilos-de-droga-en-maullin\/","title":{"rendered":"Detuvieron a hombre con m\u00e1s de dos kilos de droga en Maull\u00edn"},"content":{"rendered":"\n<p>Un hombre de 30 a\u00f1os, de nacionalidad chilena, fue detenido por personal de Carabineros de la 3\u00aa Comisar\u00eda de Maull\u00edn por el delito de tr\u00e1fico de drogas, en el marco de un procedimiento desarrollado durante la tarde del mi\u00e9rcoles en la comuna.<\/p>\n\n\n\n<p>Seg\u00fan informaci\u00f3n policial, el operativo se origin\u00f3 a partir de antecedentes proporcionados por la comunidad, lo que permiti\u00f3 a los funcionarios realizar diligencias que culminaron con la detenci\u00f3n del individuo.<\/p>\n\n\n\n<p>Al momento del control, el sujeto portaba una caja de cart\u00f3n en cuyo interior se encontraron diversas sustancias il\u00edcitas. Tras la revisi\u00f3n, Carabineros confirm\u00f3 la incautaci\u00f3n de m\u00e1s de un kilo de marihuana y cerca de un kilo de coca\u00edna.<\/p>\n\n\n\n<p>El imputado fue puesto a disposici\u00f3n del Ministerio P\u00fablico y pas\u00f3 a control de detenci\u00f3n durante la ma\u00f1ana de este jueves.<\/p>\n\n\n\n<p>En paralelo, y como parte de las diligencias investigativas asociadas al caso, se llevaron a cabo allanamientos en distintos domicilios de la comuna.<\/p>\n\n\n\n<p>Estos procedimientos contaron con el apoyo de personal especializado del OS7 (Departamento de Drogas de Carabineros) y del GOPE (Grupo de Operaciones Policiales Especiales), con el objetivo de ampliar las indagatorias.<\/p>\n\n\n\n<p>Desde Carabineros indicaron que continuar\u00e1n desarrollando servicios preventivos e investigativos para combatir el tr\u00e1fico de drogas, destacando adem\u00e1s la importancia de la colaboraci\u00f3n de la comunidad en la detecci\u00f3n de este tipo de delitos.<\/p>\n","protected":false},"excerpt":{"rendered":"<p>Un hombre de 30 a\u00f1os, de nacionalidad chilena, fue detenido por personal de Carabineros de la 3\u00aa Comisar\u00eda de Maull\u00edn por el delito de tr\u00e1fico [&hellip;]<\/p>\n","protected":false},"author":4,"featured_media":5425,"comment_status":"closed","ping_status":"closed","sticky":false,"template":"","format":"standard","meta":{"_monsterinsights_skip_tracking":false,"_monsterinsights_sitenote_active":false,"_monsterinsights_sitenote_note":"","_monsterinsights_sitenote_category":0,"footnotes":""},"categories":[33,28],"tags":[],"class_list":["post-5424","post","type-post","status-publish","format-standard","has-post-thumbnail","hentry","category-maullin","category-policial"],"_links":{"self":[{"href":"https:\/\/cooperativaredloslagos.cl\/wp-json\/wp\/v2\/posts\/5424","targetHints":{"allow":["GET"]}}],"collection":[{"href":"https:\/\/cooperativaredloslagos.cl\/wp-json\/wp\/v2\/posts"}],"about":[{"href":"https:\/\/cooperativaredloslagos.cl\/wp-json\/wp\/v2\/types\/post"}],"author":[{"embeddable":true,"href":"https:\/\/cooperativaredloslagos.cl\/wp-json\/wp\/v2\/users\/4"}],"replies":[{"embeddable":true,"href":"https:\/\/cooperativaredloslagos.cl\/wp-json\/wp\/v2\/comments?post=5424"}],"version-history":[{"count":1,"href":"https:\/\/cooperativaredloslagos.cl\/wp-json\/wp\/v2\/posts\/5424\/revisions"}],"predecessor-version":[{"id":5426,"href":"https:\/\/cooperativaredloslagos.cl\/wp-json\/wp\/v2\/posts\/5424\/revisions\/5426"}],"wp:featuredmedia":[{"embeddable":true,"href":"https:\/\/cooperativaredloslagos.cl\/wp-json\/wp\/v2\/media\/5425"}],"wp:attachment":[{"href":"https:\/\/cooperativaredloslagos.cl\/wp-json\/wp\/v2\/media?parent=5424"}],"wp:term":[{"taxonomy":"category","embeddable":true,"href":"https:\/\/cooperativaredloslagos.cl\/wp-json\/wp\/v2\/categories?post=5424"},{"taxonomy":"post_tag","embeddable":true,"href":"https:\/\/cooperativaredloslagos.cl\/wp-json\/wp\/v2\/tags?post=5424"}],"curies":[{"name":"wp","href":"https:\/\/api.w.org\/{rel}","templated":true}]}}